{"id":15714,"date":"2023-08-29T15:00:21","date_gmt":"2023-08-29T14:00:21","guid":{"rendered":"https:\/\/www.claude-arnaud.com\/fr\/?p=15714"},"modified":"2023-08-29T15:00:21","modified_gmt":"2023-08-29T14:00:21","slug":"sur-triste-tigre-le-recit-de-neige-sinno","status":"publish","type":"post","link":"https:\/\/www.claude-arnaud.com\/fr\/archives\/15714","title":{"rendered":"Sur \u00ab\u00a0Triste tigre\u00a0\u00bb, le r\u00e9cit de Neige SINNO"},"content":{"rendered":"<p><a href=\"https:\/\/www.claude-arnaud.com\/fr\/wp-content\/uploads\/2023\/08\/25085845lpw-25085844-libre-jpg_9727835.jpg\"><img loading=\"lazy\" decoding=\"async\" class=\"alignleft size-medium wp-image-15715\" src=\"https:\/\/www.claude-arnaud.com\/fr\/wp-content\/uploads\/2023\/08\/25085845lpw-25085844-libre-jpg_9727835-181x300.jpg\" alt=\"\" width=\"181\" height=\"300\" srcset=\"https:\/\/www.claude-arnaud.com\/fr\/wp-content\/uploads\/2023\/08\/25085845lpw-25085844-libre-jpg_9727835-181x300.jpg 181w, https:\/\/www.claude-arnaud.com\/fr\/wp-content\/uploads\/2023\/08\/25085845lpw-25085844-libre-jpg_9727835.jpg 422w\" sizes=\"auto, (max-width: 181px) 100vw, 181px\" \/><\/a><strong>Dans son num\u00e9ro <span style=\"color: #008000;\">2664 <\/span>dat\u00e9 du <span style=\"color: #008000;\">jeudi 24 ao\u00fbt 2023<\/span>, LE POINT a publi\u00e9 un article de<span style=\"color: #008000;\"> Claude ARNAUD<\/span> consacr\u00e9 \u00e0 l&rsquo;excellent livre de <span style=\"color: #008000;\">Neige SINNO<\/span>, publi\u00e9 chez POL, r\u00e9cit\u00a0 d&rsquo;un viol subi par l&rsquo;auteure entre l&rsquo;enfance et l&rsquo;adolescence, <span style=\"color: #008000;\">qui tranche\u00a0 par sa tr\u00e8s grande justesse sur le sujet. Pour lire <a href=\"https:\/\/www.claude-arnaud.com\/fr\/wp-content\/uploads\/2023\/08\/IMG_20230829_0002.pdf\">cet article&#8230;<\/a><br \/>\n<\/span><\/strong><\/p>\n","protected":false},"excerpt":{"rendered":"<p>Dans son num\u00e9ro 2664 dat\u00e9 du jeudi 24 ao\u00fbt 2023, LE POINT a publi\u00e9 un article de Claude ARNAUD consacr\u00e9 \u00e0 l&rsquo;excellent livre de Neige SINNO, publi\u00e9 chez POL, r\u00e9cit\u00a0 d&rsquo;un viol subi par l&rsquo;auteure entre l&rsquo;enfance et l&rsquo;adolescence, qui tranche\u00a0 par sa tr\u00e8s grande justesse sur le sujet. Pour lire cet article&#8230;<\/p>\n","protected":false},"author":2,"featured_media":0,"comment_status":"open","ping_status":"","sticky":false,"template":"","format":"standard","meta":{"footnotes":""},"categories":[4],"tags":[],"class_list":["post-15714","post","type-post","status-publish","format-standard","hentry","category-articles","count-0","even alt","author-claude-arnaud","last"],"post_mailing_queue_ids":[],"_links":{"self":[{"href":"https:\/\/www.claude-arnaud.com\/fr\/wp-json\/wp\/v2\/posts\/15714","targetHints":{"allow":["GET"]}}],"collection":[{"href":"https:\/\/www.claude-arnaud.com\/fr\/wp-json\/wp\/v2\/posts"}],"about":[{"href":"https:\/\/www.claude-arnaud.com\/fr\/wp-json\/wp\/v2\/types\/post"}],"author":[{"embeddable":true,"href":"https:\/\/www.claude-arnaud.com\/fr\/wp-json\/wp\/v2\/users\/2"}],"replies":[{"embeddable":true,"href":"https:\/\/www.claude-arnaud.com\/fr\/wp-json\/wp\/v2\/comments?post=15714"}],"version-history":[{"count":2,"href":"https:\/\/www.claude-arnaud.com\/fr\/wp-json\/wp\/v2\/posts\/15714\/revisions"}],"predecessor-version":[{"id":15718,"href":"https:\/\/www.claude-arnaud.com\/fr\/wp-json\/wp\/v2\/posts\/15714\/revisions\/15718"}],"wp:attachment":[{"href":"https:\/\/www.claude-arnaud.com\/fr\/wp-json\/wp\/v2\/media?parent=15714"}],"wp:term":[{"taxonomy":"category","embeddable":true,"href":"https:\/\/www.claude-arnaud.com\/fr\/wp-json\/wp\/v2\/categories?post=15714"},{"taxonomy":"post_tag","embeddable":true,"href":"https:\/\/www.claude-arnaud.com\/fr\/wp-json\/wp\/v2\/tags?post=15714"}],"curies":[{"name":"wp","href":"https:\/\/api.w.org\/{rel}","templated":true}]}}