{"id":15586,"date":"2023-07-13T18:31:33","date_gmt":"2023-07-13T17:31:33","guid":{"rendered":"https:\/\/www.claude-arnaud.com\/fr\/?p=15586"},"modified":"2023-08-15T09:00:35","modified_gmt":"2023-08-15T08:00:35","slug":"parmi-les-trois-livres-pour-un-ete-choisis-par-marianne","status":"publish","type":"post","link":"https:\/\/www.claude-arnaud.com\/fr\/archives\/15586","title":{"rendered":"Parmi les \u00ab\u00a0trois livres pour un \u00e9t\u00e9\u00a0\u00bb choisis par B. Duteurtre dans Marianne"},"content":{"rendered":"<p><strong><span style=\"color: #008000;\"><em><a href=\"https:\/\/www.claude-arnaud.com\/fr\/wp-content\/uploads\/2015\/12\/Marianne-Une.jpg\"><img loading=\"lazy\" decoding=\"async\" class=\"alignleft size-medium wp-image-6551\" src=\"https:\/\/www.claude-arnaud.com\/fr\/wp-content\/uploads\/2015\/12\/Marianne-Une-300x133.jpg\" alt=\"\" width=\"300\" height=\"133\" srcset=\"https:\/\/www.claude-arnaud.com\/fr\/wp-content\/uploads\/2015\/12\/Marianne-Une-300x133.jpg 300w, https:\/\/www.claude-arnaud.com\/fr\/wp-content\/uploads\/2015\/12\/Marianne-Une.jpg 560w\" sizes=\"auto, (max-width: 300px) 100vw, 300px\" \/><\/a>Picasso tout contre Cocteau<\/em><\/span> figure parmi<a href=\"https:\/\/www.claude-arnaud.com\/fr\/wp-content\/uploads\/2023\/02\/9782246830733-001-T.jpeg\"><img loading=\"lazy\" decoding=\"async\" class=\"alignright  wp-image-14991\" src=\"https:\/\/www.claude-arnaud.com\/fr\/wp-content\/uploads\/2023\/02\/9782246830733-001-T-205x300.jpeg\" alt=\"\" width=\"138\" height=\"202\" srcset=\"https:\/\/www.claude-arnaud.com\/fr\/wp-content\/uploads\/2023\/02\/9782246830733-001-T-205x300.jpeg 205w, https:\/\/www.claude-arnaud.com\/fr\/wp-content\/uploads\/2023\/02\/9782246830733-001-T.jpeg 600w\" sizes=\"auto, (max-width: 138px) 100vw, 138px\" \/><\/a> des \u00ab\u00a0Trois livres pour un \u00e9t\u00e9\u00a0\u00bb choisis par<span style=\"color: #008000;\"> Benoit DUTEURTRE<\/span> dans la carte blanche qu&rsquo;il donne \u00e0 <span style=\"color: #008000;\">l&rsquo;hebdomadaire <em>Marianne<\/em><\/span>, dans son num\u00e9ro dat\u00e9 du <span style=\"color: #008000;\">13 juillet 2023<\/span>. Pour <em><a href=\"https:\/\/www.claude-arnaud.com\/fr\/wp-content\/uploads\/2023\/07\/MARIANNE-juillet-2023-.pdf\">d\u00e9couvrir son article&#8230;<\/a><\/em><\/strong><\/p>\n","protected":false},"excerpt":{"rendered":"<p>Picasso tout contre Cocteau figure parmi des \u00ab\u00a0Trois livres pour un \u00e9t\u00e9\u00a0\u00bb choisis par Benoit DUTEURTRE dans la carte blanche qu&rsquo;il donne \u00e0 l&rsquo;hebdomadaire Marianne, dans son num\u00e9ro dat\u00e9 du 13 juillet 2023. Pour d\u00e9couvrir son article&#8230;<\/p>\n","protected":false},"author":2,"featured_media":0,"comment_status":"open","ping_status":"","sticky":false,"template":"","format":"standard","meta":{"footnotes":""},"categories":[6],"tags":[],"class_list":["post-15586","post","type-post","status-publish","format-standard","hentry","category-evenements","count-0","even alt","author-claude-arnaud","last"],"post_mailing_queue_ids":[],"_links":{"self":[{"href":"https:\/\/www.claude-arnaud.com\/fr\/wp-json\/wp\/v2\/posts\/15586","targetHints":{"allow":["GET"]}}],"collection":[{"href":"https:\/\/www.claude-arnaud.com\/fr\/wp-json\/wp\/v2\/posts"}],"about":[{"href":"https:\/\/www.claude-arnaud.com\/fr\/wp-json\/wp\/v2\/types\/post"}],"author":[{"embeddable":true,"href":"https:\/\/www.claude-arnaud.com\/fr\/wp-json\/wp\/v2\/users\/2"}],"replies":[{"embeddable":true,"href":"https:\/\/www.claude-arnaud.com\/fr\/wp-json\/wp\/v2\/comments?post=15586"}],"version-history":[{"count":5,"href":"https:\/\/www.claude-arnaud.com\/fr\/wp-json\/wp\/v2\/posts\/15586\/revisions"}],"predecessor-version":[{"id":15697,"href":"https:\/\/www.claude-arnaud.com\/fr\/wp-json\/wp\/v2\/posts\/15586\/revisions\/15697"}],"wp:attachment":[{"href":"https:\/\/www.claude-arnaud.com\/fr\/wp-json\/wp\/v2\/media?parent=15586"}],"wp:term":[{"taxonomy":"category","embeddable":true,"href":"https:\/\/www.claude-arnaud.com\/fr\/wp-json\/wp\/v2\/categories?post=15586"},{"taxonomy":"post_tag","embeddable":true,"href":"https:\/\/www.claude-arnaud.com\/fr\/wp-json\/wp\/v2\/tags?post=15586"}],"curies":[{"name":"wp","href":"https:\/\/api.w.org\/{rel}","templated":true}]}}