{"id":15563,"date":"2023-07-09T22:51:12","date_gmt":"2023-07-09T21:51:12","guid":{"rendered":"https:\/\/www.claude-arnaud.com\/fr\/?p=15563"},"modified":"2023-07-11T12:10:02","modified_gmt":"2023-07-11T11:10:02","slug":"dans-beaux-arts-magazine","status":"publish","type":"post","link":"https:\/\/www.claude-arnaud.com\/fr\/archives\/15563","title":{"rendered":"Dans BEAUX-ARTS MAGAZINE&#8230;"},"content":{"rendered":"<p>*<strong>Dans son \u00e9dition du 25 juin 2023<\/strong>,<em><strong> Beaux-Arts Magazine<\/strong><\/em> a \u00e9lu <span style=\"color: #008000;\"><em><strong>Picasso tout contre Cocteau<\/strong> <\/em><\/span>parmi les <em><a href=\"https:\/\/www.claude-arnaud.com\/fr\/wp-content\/uploads\/2023\/07\/bam469-778x1024-1.jpg\"><img loading=\"lazy\" decoding=\"async\" class=\"alignright size-medium wp-image-15567\" src=\"https:\/\/www.claude-arnaud.com\/fr\/wp-content\/uploads\/2023\/07\/bam469-778x1024-1-228x300.jpg\" alt=\"\" width=\"228\" height=\"300\" srcset=\"https:\/\/www.claude-arnaud.com\/fr\/wp-content\/uploads\/2023\/07\/bam469-778x1024-1-228x300.jpg 228w, https:\/\/www.claude-arnaud.com\/fr\/wp-content\/uploads\/2023\/07\/bam469-778x1024-1-768x1011.jpg 768w, https:\/\/www.claude-arnaud.com\/fr\/wp-content\/uploads\/2023\/07\/bam469-778x1024-1.jpg 778w\" sizes=\"auto, (max-width: 228px) 100vw, 228px\" \/><\/a>5 beaux romans sur l&rsquo;art <strong><span style=\"color: #008000;\">\u00e0 glisser dans sa valise cet \u00e9t\u00e9<\/span><\/strong><\/em>. \u00ab\u00a0<strong>Des Ann\u00e9es folles <span style=\"color: #008000;\">aux heures<\/span> sombres <span style=\"color: #008000;\">de la Seconde Guerre mondiale<\/span><\/strong>, de Paris \u00e0 Vallauris <strong>en passant par Saint-Jean-Cap-Ferrat<\/strong>, <span style=\"color: #008000;\"><strong>cet ouvrage offre une formidable plong\u00e9e dans le tourbillon des avant-gardes<\/strong><\/span>\u00ab\u00a0, \u00e9crit In\u00e9s BOITTIAUX. <a href=\"https:\/\/www.beauxarts.com\/lifestyle\/5-beaux-romans-sur-lart-a-glisser-dans-sa-valise-cet-ete\/\" target=\"_blank\" rel=\"noopener\">POUR DECOUVRIR CET ARTICLE<\/a>&#8230;<\/p>\n","protected":false},"excerpt":{"rendered":"<p>*Dans son \u00e9dition du 25 juin 2023, Beaux-Arts Magazine a \u00e9lu Picasso tout contre Cocteau parmi les 5 beaux romans sur l&rsquo;art \u00e0 glisser dans sa valise cet \u00e9t\u00e9. \u00ab\u00a0Des Ann\u00e9es folles aux heures sombres de la Seconde Guerre mondiale, de Paris \u00e0 Vallauris en passant par Saint-Jean-Cap-Ferrat, cet ouvrage offre une formidable plong\u00e9e dans [&hellip;]<\/p>\n","protected":false},"author":2,"featured_media":0,"comment_status":"open","ping_status":"","sticky":false,"template":"","format":"standard","meta":{"footnotes":""},"categories":[6],"tags":[],"class_list":["post-15563","post","type-post","status-publish","format-standard","hentry","category-evenements","count-0","even alt","author-claude-arnaud","last"],"post_mailing_queue_ids":[],"_links":{"self":[{"href":"https:\/\/www.claude-arnaud.com\/fr\/wp-json\/wp\/v2\/posts\/15563","targetHints":{"allow":["GET"]}}],"collection":[{"href":"https:\/\/www.claude-arnaud.com\/fr\/wp-json\/wp\/v2\/posts"}],"about":[{"href":"https:\/\/www.claude-arnaud.com\/fr\/wp-json\/wp\/v2\/types\/post"}],"author":[{"embeddable":true,"href":"https:\/\/www.claude-arnaud.com\/fr\/wp-json\/wp\/v2\/users\/2"}],"replies":[{"embeddable":true,"href":"https:\/\/www.claude-arnaud.com\/fr\/wp-json\/wp\/v2\/comments?post=15563"}],"version-history":[{"count":5,"href":"https:\/\/www.claude-arnaud.com\/fr\/wp-json\/wp\/v2\/posts\/15563\/revisions"}],"predecessor-version":[{"id":15570,"href":"https:\/\/www.claude-arnaud.com\/fr\/wp-json\/wp\/v2\/posts\/15563\/revisions\/15570"}],"wp:attachment":[{"href":"https:\/\/www.claude-arnaud.com\/fr\/wp-json\/wp\/v2\/media?parent=15563"}],"wp:term":[{"taxonomy":"category","embeddable":true,"href":"https:\/\/www.claude-arnaud.com\/fr\/wp-json\/wp\/v2\/categories?post=15563"},{"taxonomy":"post_tag","embeddable":true,"href":"https:\/\/www.claude-arnaud.com\/fr\/wp-json\/wp\/v2\/tags?post=15563"}],"curies":[{"name":"wp","href":"https:\/\/api.w.org\/{rel}","templated":true}]}}