{"id":15411,"date":"2023-05-03T09:07:14","date_gmt":"2023-05-03T08:07:14","guid":{"rendered":"https:\/\/www.claude-arnaud.com\/fr\/?p=15411"},"modified":"2023-05-05T14:29:14","modified_gmt":"2023-05-05T13:29:14","slug":"sur-radio-libertaire-ce-jeudi-4-mai-2023","status":"publish","type":"post","link":"https:\/\/www.claude-arnaud.com\/fr\/archives\/15411","title":{"rendered":"Sur Radio Libertaire, ce jeudi 4 mai 2023"},"content":{"rendered":"<p><a href=\"https:\/\/www.claude-arnaud.com\/fr\/wp-content\/uploads\/2023\/05\/logo-rl.png\"><img loading=\"lazy\" decoding=\"async\" class=\"alignleft size-full wp-image-15412\" src=\"https:\/\/www.claude-arnaud.com\/fr\/wp-content\/uploads\/2023\/05\/logo-rl.png\" alt=\"\" width=\"96\" height=\"98\" \/><\/a><strong><a href=\"https:\/\/www.claude-arnaud.com\/fr\/wp-content\/uploads\/2023\/05\/AVT_Valere-Marie-Marchand_4677.webp\"><img loading=\"lazy\" decoding=\"async\" class=\"alignleft  wp-image-15433\" src=\"https:\/\/www.claude-arnaud.com\/fr\/wp-content\/uploads\/2023\/05\/AVT_Valere-Marie-Marchand_4677.webp\" alt=\"\" width=\"93\" height=\"110\" \/><\/a>Ce jeudi 4 mai 2023, <span style=\"color: #008000;\">Claude ARNAUD<\/span> a \u00e9t\u00e9 l&rsquo;invit\u00e9, \u00e0 partir de <span style=\"color: #008000;\">16 heures<a href=\"https:\/\/www.claude-arnaud.com\/fr\/wp-content\/uploads\/2023\/05\/Claude-Arnaud.jpg\"><img loading=\"lazy\" decoding=\"async\" class=\"alignright  wp-image-15437\" src=\"https:\/\/www.claude-arnaud.com\/fr\/wp-content\/uploads\/2023\/05\/Claude-Arnaud-278x300.jpg\" alt=\"\" width=\"183\" height=\"198\" srcset=\"https:\/\/www.claude-arnaud.com\/fr\/wp-content\/uploads\/2023\/05\/Claude-Arnaud-278x300.jpg 278w, https:\/\/www.claude-arnaud.com\/fr\/wp-content\/uploads\/2023\/05\/Claude-Arnaud-949x1024.jpg 949w, https:\/\/www.claude-arnaud.com\/fr\/wp-content\/uploads\/2023\/05\/Claude-Arnaud-768x829.jpg 768w, https:\/\/www.claude-arnaud.com\/fr\/wp-content\/uploads\/2023\/05\/Claude-Arnaud-1423x1536.jpg 1423w, https:\/\/www.claude-arnaud.com\/fr\/wp-content\/uploads\/2023\/05\/Claude-Arnaud-1897x2048.jpg 1897w, https:\/\/www.claude-arnaud.com\/fr\/wp-content\/uploads\/2023\/05\/Claude-Arnaud.jpg 1948w\" sizes=\"auto, (max-width: 183px) 100vw, 183px\" \/><\/a><\/span> et pendant 100 minutes,<span style=\"color: #008000;\"> de Val\u00e8re Marie MARCHAND<\/span> dans son \u00e9mission litt\u00e9raire<em><span style=\"color: #008000;\"> BIBLIOMANIE<\/span> <\/em>sur Radio-Libertaire.<\/strong> Pour <a href=\"https:\/\/www.anarchiste.info\/radio\/libertaire\/emission\/bibliomanie\/2023\/05\/04\/\" target=\"_blank\" rel=\"noopener\">\u00e9couter cette \u00e9mission<\/a>&#8230; Pour en savoir <a href=\"https:\/\/www.anarchiste.info\/radio\/libertaire\/emission\/bibliomanie\/presentation.html\" target=\"_blank\" rel=\"noopener\">plus sur l&rsquo;\u00e9mission<\/a>&#8230;\u00a0\u00a0\u00a0\u00a0\u00a0\u00a0\u00a0\u00a0 (ph: Val\u00e8re Marie Marchand)<\/p>\n","protected":false},"excerpt":{"rendered":"<p>Ce jeudi 4 mai 2023, Claude ARNAUD a \u00e9t\u00e9 l&rsquo;invit\u00e9, \u00e0 partir de 16 heures et pendant 100 minutes, de Val\u00e8re Marie MARCHAND dans son \u00e9mission litt\u00e9raire BIBLIOMANIE sur Radio-Libertaire. Pour \u00e9couter cette \u00e9mission&#8230; Pour en savoir plus sur l&rsquo;\u00e9mission&#8230;\u00a0\u00a0\u00a0\u00a0\u00a0\u00a0\u00a0\u00a0 (ph: Val\u00e8re Marie Marchand)<\/p>\n","protected":false},"author":2,"featured_media":0,"comment_status":"open","ping_status":"","sticky":false,"template":"","format":"standard","meta":{"footnotes":""},"categories":[5],"tags":[],"class_list":["post-15411","post","type-post","status-publish","format-standard","hentry","category-rencontres","count-0","even alt","author-claude-arnaud","last"],"post_mailing_queue_ids":[],"_links":{"self":[{"href":"https:\/\/www.claude-arnaud.com\/fr\/wp-json\/wp\/v2\/posts\/15411","targetHints":{"allow":["GET"]}}],"collection":[{"href":"https:\/\/www.claude-arnaud.com\/fr\/wp-json\/wp\/v2\/posts"}],"about":[{"href":"https:\/\/www.claude-arnaud.com\/fr\/wp-json\/wp\/v2\/types\/post"}],"author":[{"embeddable":true,"href":"https:\/\/www.claude-arnaud.com\/fr\/wp-json\/wp\/v2\/users\/2"}],"replies":[{"embeddable":true,"href":"https:\/\/www.claude-arnaud.com\/fr\/wp-json\/wp\/v2\/comments?post=15411"}],"version-history":[{"count":9,"href":"https:\/\/www.claude-arnaud.com\/fr\/wp-json\/wp\/v2\/posts\/15411\/revisions"}],"predecessor-version":[{"id":15439,"href":"https:\/\/www.claude-arnaud.com\/fr\/wp-json\/wp\/v2\/posts\/15411\/revisions\/15439"}],"wp:attachment":[{"href":"https:\/\/www.claude-arnaud.com\/fr\/wp-json\/wp\/v2\/media?parent=15411"}],"wp:term":[{"taxonomy":"category","embeddable":true,"href":"https:\/\/www.claude-arnaud.com\/fr\/wp-json\/wp\/v2\/categories?post=15411"},{"taxonomy":"post_tag","embeddable":true,"href":"https:\/\/www.claude-arnaud.com\/fr\/wp-json\/wp\/v2\/tags?post=15411"}],"curies":[{"name":"wp","href":"https:\/\/api.w.org\/{rel}","templated":true}]}}