{"id":15294,"date":"2023-04-06T21:46:44","date_gmt":"2023-04-06T20:46:44","guid":{"rendered":"https:\/\/www.claude-arnaud.com\/fr\/?p=15294"},"modified":"2025-01-26T17:33:22","modified_gmt":"2025-01-26T16:33:22","slug":"sur-la-chaine-televisee-public-senat","status":"publish","type":"post","link":"https:\/\/www.claude-arnaud.com\/fr\/archives\/15294","title":{"rendered":"Sur la chaine t\u00e9l\u00e9vis\u00e9e PUBLIC SENAT"},"content":{"rendered":"<p><strong><span style=\"color: #008000;\"><a href=\"https:\/\/www.claude-arnaud.com\/fr\/wp-content\/uploads\/2023\/02\/9782246830733-001-T.jpeg\"><img loading=\"lazy\" decoding=\"async\" class=\"alignleft size-medium wp-image-14991\" src=\"https:\/\/www.claude-arnaud.com\/fr\/wp-content\/uploads\/2023\/02\/9782246830733-001-T-205x300.jpeg\" alt=\"\" width=\"205\" height=\"300\" srcset=\"https:\/\/www.claude-arnaud.com\/fr\/wp-content\/uploads\/2023\/02\/9782246830733-001-T-205x300.jpeg 205w, https:\/\/www.claude-arnaud.com\/fr\/wp-content\/uploads\/2023\/02\/9782246830733-001-T.jpeg 600w\" sizes=\"auto, (max-width: 205px) 100vw, 205px\" \/><\/a>Le 24 mars 2023<\/span>,<\/strong> la chaine de t\u00e9l\u00e9vision \u00ab Public S\u00e9nat \u00bb a diffus\u00e9 une \u00e9mission anim\u00e9e par <strong>Denis<a href=\"https:\/\/www.claude-arnaud.com\/fr\/wp-content\/uploads\/2023\/03\/700px-Public_Senat_Logo.svg_.png\"><img loading=\"lazy\" decoding=\"async\" class=\"alignright size-medium wp-image-15183\" src=\"https:\/\/www.claude-arnaud.com\/fr\/wp-content\/uploads\/2023\/03\/700px-Public_Senat_Logo.svg_-300x129.png\" alt=\"\" width=\"300\" height=\"129\" srcset=\"https:\/\/www.claude-arnaud.com\/fr\/wp-content\/uploads\/2023\/03\/700px-Public_Senat_Logo.svg_-300x129.png 300w, https:\/\/www.claude-arnaud.com\/fr\/wp-content\/uploads\/2023\/03\/700px-Public_Senat_Logo.svg_.png 700w\" sizes=\"auto, (max-width: 300px) 100vw, 300px\" \/><\/a> OLIVENNES o\u00f9 <span style=\"color: #008000;\">Claude ARNAUD<\/span> a \u00e9voqu\u00e9 son <em>Picasso tout contre Cocteau<\/em><\/strong>. <strong>Pour revoir cette \u00e9mission,<\/strong> intitul\u00e9e <a href=\"https:\/\/pro.publicsenat.fr\/actualites\/au-bonheur-des-livres-des-genies-et-des-monstres-presentee-par-denis-olivennes-vendredi-24-mars-a-23h-8a38-02e48.html\" target=\"_blank\" rel=\"noopener\">\u00ab\u00a0Des g\u00e9nies et des monstres\u00a0\u00bb<\/a>\u2026<\/p>\n<h2><\/h2>\n","protected":false},"excerpt":{"rendered":"<p>Le 24 mars 2023, la chaine de t\u00e9l\u00e9vision \u00ab Public S\u00e9nat \u00bb a diffus\u00e9 une \u00e9mission anim\u00e9e par Denis OLIVENNES o\u00f9 Claude ARNAUD a \u00e9voqu\u00e9 son Picasso tout contre Cocteau. Pour revoir cette \u00e9mission, intitul\u00e9e \u00ab\u00a0Des g\u00e9nies et des monstres\u00a0\u00bb\u2026<\/p>\n","protected":false},"author":2,"featured_media":0,"comment_status":"open","ping_status":"","sticky":false,"template":"","format":"standard","meta":{"footnotes":""},"categories":[5],"tags":[],"class_list":["post-15294","post","type-post","status-publish","format-standard","hentry","category-rencontres","count-0","even alt","author-claude-arnaud","last"],"post_mailing_queue_ids":[],"_links":{"self":[{"href":"https:\/\/www.claude-arnaud.com\/fr\/wp-json\/wp\/v2\/posts\/15294","targetHints":{"allow":["GET"]}}],"collection":[{"href":"https:\/\/www.claude-arnaud.com\/fr\/wp-json\/wp\/v2\/posts"}],"about":[{"href":"https:\/\/www.claude-arnaud.com\/fr\/wp-json\/wp\/v2\/types\/post"}],"author":[{"embeddable":true,"href":"https:\/\/www.claude-arnaud.com\/fr\/wp-json\/wp\/v2\/users\/2"}],"replies":[{"embeddable":true,"href":"https:\/\/www.claude-arnaud.com\/fr\/wp-json\/wp\/v2\/comments?post=15294"}],"version-history":[{"count":2,"href":"https:\/\/www.claude-arnaud.com\/fr\/wp-json\/wp\/v2\/posts\/15294\/revisions"}],"predecessor-version":[{"id":16564,"href":"https:\/\/www.claude-arnaud.com\/fr\/wp-json\/wp\/v2\/posts\/15294\/revisions\/16564"}],"wp:attachment":[{"href":"https:\/\/www.claude-arnaud.com\/fr\/wp-json\/wp\/v2\/media?parent=15294"}],"wp:term":[{"taxonomy":"category","embeddable":true,"href":"https:\/\/www.claude-arnaud.com\/fr\/wp-json\/wp\/v2\/categories?post=15294"},{"taxonomy":"post_tag","embeddable":true,"href":"https:\/\/www.claude-arnaud.com\/fr\/wp-json\/wp\/v2\/tags?post=15294"}],"curies":[{"name":"wp","href":"https:\/\/api.w.org\/{rel}","templated":true}]}}