{"id":14886,"date":"2023-01-28T00:25:43","date_gmt":"2023-01-27T23:25:43","guid":{"rendered":"https:\/\/www.claude-arnaud.com\/fr\/?p=14886"},"modified":"2023-02-17T00:55:39","modified_gmt":"2023-02-16T23:55:39","slug":"quelques-articles-non-publies","status":"publish","type":"post","link":"https:\/\/www.claude-arnaud.com\/fr\/archives\/14886","title":{"rendered":"Quelques articles non publi\u00e9s&#8230;"},"content":{"rendered":"<p><a href=\"https:\/\/www.claude-arnaud.com\/fr\/wp-content\/uploads\/2018\/09\/largeportrait_8c470694.jpg\"><img loading=\"lazy\" decoding=\"async\" class=\"alignleft size-full wp-image-9356\" src=\"https:\/\/www.claude-arnaud.com\/fr\/wp-content\/uploads\/2018\/09\/largeportrait_8c470694.jpg\" alt=\"\" width=\"150\" height=\"150\" srcset=\"https:\/\/www.claude-arnaud.com\/fr\/wp-content\/uploads\/2018\/09\/largeportrait_8c470694.jpg 150w, https:\/\/www.claude-arnaud.com\/fr\/wp-content\/uploads\/2018\/09\/largeportrait_8c470694-48x48.jpg 48w\" sizes=\"auto, (max-width: 150px) 100vw, 150px\" \/><\/a>Pour d\u00e9couvrir quelques articles que <span style=\"color: #008000;\"><strong>Claude ARNAUD<\/strong> <\/span>a consacr\u00e9 \u00e0 des livres publi\u00e9s dans la rentr\u00e9e litt\u00e9raire de l&rsquo;automne 2022 et qui n&rsquo;ont pas \u00e9t\u00e9 publi\u00e9s&#8230;<\/p>\n<p><a href=\"https:\/\/www.claude-arnaud.com\/fr\/wp-content\/uploads\/2023\/01\/560x315_eafc1b27-0264-4277-84ae-e8d1e010d4a6.webp\"><img loading=\"lazy\" decoding=\"async\" class=\"alignleft  wp-image-14892\" src=\"https:\/\/www.claude-arnaud.com\/fr\/wp-content\/uploads\/2023\/01\/560x315_eafc1b27-0264-4277-84ae-e8d1e010d4a6.webp\" alt=\"\" width=\"208\" height=\"117\" srcset=\"https:\/\/www.claude-arnaud.com\/fr\/wp-content\/uploads\/2023\/01\/560x315_eafc1b27-0264-4277-84ae-e8d1e010d4a6.webp 524w, https:\/\/www.claude-arnaud.com\/fr\/wp-content\/uploads\/2023\/01\/560x315_eafc1b27-0264-4277-84ae-e8d1e010d4a6-300x168.webp 300w\" sizes=\"auto, (max-width: 208px) 100vw, 208px\" \/><\/a>Sur les <em>In\u00e9dits<\/em> d&rsquo;Edouard LEVE publi\u00e9s <a href=\"https:\/\/www.claude-arnaud.com\/fr\/wp-content\/uploads\/2023\/01\/Leve-2.rtf\">aux \u00e9dtions P.O.L<\/a>&#8230;<\/p>\n<p>Sur <em>Mourir avant que d&rsquo;appara\u00eetre<\/em>, <a href=\"https:\/\/www.claude-arnaud.com\/fr\/wp-content\/uploads\/2023\/01\/Mourir-avant-que-dapparaitre-Remi-David-chronique-Kimamori-e1660122717519.png\"><img loading=\"lazy\" decoding=\"async\" class=\"alignright  wp-image-14893\" src=\"https:\/\/www.claude-arnaud.com\/fr\/wp-content\/uploads\/2023\/01\/Mourir-avant-que-dapparaitre-Remi-David-chronique-Kimamori-e1660122717519.png\" alt=\"\" width=\"249\" height=\"181\" srcset=\"https:\/\/www.claude-arnaud.com\/fr\/wp-content\/uploads\/2023\/01\/Mourir-avant-que-dapparaitre-Remi-David-chronique-Kimamori-e1660122717519.png 451w, https:\/\/www.claude-arnaud.com\/fr\/wp-content\/uploads\/2023\/01\/Mourir-avant-que-dapparaitre-Remi-David-chronique-Kimamori-e1660122717519-300x218.png 300w\" sizes=\"auto, (max-width: 249px) 100vw, 249px\" \/><\/a><a href=\"https:\/\/www.claude-arnaud.com\/fr\/wp-content\/uploads\/2023\/01\/David.rtf\">publi\u00e9 par Remy David<\/a> aux \u00e9ditions Gallimard&#8230;<\/p>\n<p><a href=\"https:\/\/www.claude-arnaud.com\/fr\/wp-content\/uploads\/2023\/01\/CVT_Le-coeur-ne-cede-pas_4155.webp\"><img loading=\"lazy\" decoding=\"async\" class=\"alignleft  wp-image-14894\" src=\"https:\/\/www.claude-arnaud.com\/fr\/wp-content\/uploads\/2023\/01\/CVT_Le-coeur-ne-cede-pas_4155.webp\" alt=\"\" width=\"104\" height=\"164\" srcset=\"https:\/\/www.claude-arnaud.com\/fr\/wp-content\/uploads\/2023\/01\/CVT_Le-coeur-ne-cede-pas_4155.webp 195w, https:\/\/www.claude-arnaud.com\/fr\/wp-content\/uploads\/2023\/01\/CVT_Le-coeur-ne-cede-pas_4155-190x300.webp 190w\" sizes=\"auto, (max-width: 104px) 100vw, 104px\" \/><\/a>Sur <em>Le coeur ne c\u00e8de pas <\/em><a href=\"https:\/\/www.claude-arnaud.com\/fr\/wp-content\/uploads\/2023\/01\/Bouillier.rtf\">de Gr\u00e9goire Bouillier <\/a>aux \u00e9ditions Flammarion.<\/p>\n<p>Sur <em>La vie clandestine <\/em>de <a href=\"https:\/\/www.claude-arnaud.com\/fr\/wp-content\/uploads\/2023\/01\/Sabolo.rtf\">Monica Sabolo<\/a> aux \u00e9ditions Gallimard&#8230;<a href=\"https:\/\/www.claude-arnaud.com\/fr\/wp-content\/uploads\/2023\/01\/La-vie-clandestine.jpg\"><img loading=\"lazy\" decoding=\"async\" class=\"alignright  wp-image-14895\" src=\"https:\/\/www.claude-arnaud.com\/fr\/wp-content\/uploads\/2023\/01\/La-vie-clandestine.jpg\" alt=\"\" width=\"179\" height=\"179\" srcset=\"https:\/\/www.claude-arnaud.com\/fr\/wp-content\/uploads\/2023\/01\/La-vie-clandestine.jpg 340w, https:\/\/www.claude-arnaud.com\/fr\/wp-content\/uploads\/2023\/01\/La-vie-clandestine-300x300.jpg 300w, https:\/\/www.claude-arnaud.com\/fr\/wp-content\/uploads\/2023\/01\/La-vie-clandestine-150x150.jpg 150w\" sizes=\"auto, (max-width: 179px) 100vw, 179px\" \/><\/a><\/p>\n","protected":false},"excerpt":{"rendered":"<p>Pour d\u00e9couvrir quelques articles que Claude ARNAUD a consacr\u00e9 \u00e0 des livres publi\u00e9s dans la rentr\u00e9e litt\u00e9raire de l&rsquo;automne 2022 et qui n&rsquo;ont pas \u00e9t\u00e9 publi\u00e9s&#8230; Sur les In\u00e9dits d&rsquo;Edouard LEVE publi\u00e9s aux \u00e9dtions P.O.L&#8230; Sur Mourir avant que d&rsquo;appara\u00eetre, publi\u00e9 par Remy David aux \u00e9ditions Gallimard&#8230; Sur Le coeur ne c\u00e8de pas de Gr\u00e9goire [&hellip;]<\/p>\n","protected":false},"author":2,"featured_media":0,"comment_status":"open","ping_status":"","sticky":false,"template":"","format":"standard","meta":{"footnotes":""},"categories":[4],"tags":[],"class_list":["post-14886","post","type-post","status-publish","format-standard","hentry","category-articles","count-0","even alt","author-claude-arnaud","last"],"post_mailing_queue_ids":[],"_links":{"self":[{"href":"https:\/\/www.claude-arnaud.com\/fr\/wp-json\/wp\/v2\/posts\/14886","targetHints":{"allow":["GET"]}}],"collection":[{"href":"https:\/\/www.claude-arnaud.com\/fr\/wp-json\/wp\/v2\/posts"}],"about":[{"href":"https:\/\/www.claude-arnaud.com\/fr\/wp-json\/wp\/v2\/types\/post"}],"author":[{"embeddable":true,"href":"https:\/\/www.claude-arnaud.com\/fr\/wp-json\/wp\/v2\/users\/2"}],"replies":[{"embeddable":true,"href":"https:\/\/www.claude-arnaud.com\/fr\/wp-json\/wp\/v2\/comments?post=14886"}],"version-history":[{"count":5,"href":"https:\/\/www.claude-arnaud.com\/fr\/wp-json\/wp\/v2\/posts\/14886\/revisions"}],"predecessor-version":[{"id":14964,"href":"https:\/\/www.claude-arnaud.com\/fr\/wp-json\/wp\/v2\/posts\/14886\/revisions\/14964"}],"wp:attachment":[{"href":"https:\/\/www.claude-arnaud.com\/fr\/wp-json\/wp\/v2\/media?parent=14886"}],"wp:term":[{"taxonomy":"category","embeddable":true,"href":"https:\/\/www.claude-arnaud.com\/fr\/wp-json\/wp\/v2\/categories?post=14886"},{"taxonomy":"post_tag","embeddable":true,"href":"https:\/\/www.claude-arnaud.com\/fr\/wp-json\/wp\/v2\/tags?post=14886"}],"curies":[{"name":"wp","href":"https:\/\/api.w.org\/{rel}","templated":true}]}}