{"id":14747,"date":"2022-12-24T12:28:20","date_gmt":"2022-12-24T11:28:20","guid":{"rendered":"https:\/\/www.claude-arnaud.com\/fr\/?p=14747"},"modified":"2024-08-12T17:22:10","modified_gmt":"2024-08-12T16:22:10","slug":"rude-noel","status":"publish","type":"post","link":"https:\/\/www.claude-arnaud.com\/fr\/archives\/14747","title":{"rendered":"Rude No\u00ebl"},"content":{"rendered":"<p><strong>Nous entrons \u00ab\u00a0insensiblement\u00a0\u00bb dans une \u00e8re o\u00f9 le massacre d&rsquo;innocents<\/strong>, cibl\u00e9s pour leur<a href=\"https:\/\/www.claude-arnaud.com\/fr\/wp-content\/uploads\/2022\/12\/La-main-d-Olga-une-ukrainienne-tuee-a-Boutcha-pres-de-Kiev-en-Ukraine-en-2022-lors-de-l-offensive-russe-1386610.jpg\"><img loading=\"lazy\" decoding=\"async\" class=\"alignright  wp-image-14749\" src=\"https:\/\/www.claude-arnaud.com\/fr\/wp-content\/uploads\/2022\/12\/La-main-d-Olga-une-ukrainienne-tuee-a-Boutcha-pres-de-Kiev-en-Ukraine-en-2022-lors-de-l-offensive-russe-1386610.jpg\" alt=\"\" width=\"389\" height=\"219\" srcset=\"https:\/\/www.claude-arnaud.com\/fr\/wp-content\/uploads\/2022\/12\/La-main-d-Olga-une-ukrainienne-tuee-a-Boutcha-pres-de-Kiev-en-Ukraine-en-2022-lors-de-l-offensive-russe-1386610.jpg 600w, https:\/\/www.claude-arnaud.com\/fr\/wp-content\/uploads\/2022\/12\/La-main-d-Olga-une-ukrainienne-tuee-a-Boutcha-pres-de-Kiev-en-Ukraine-en-2022-lors-de-l-offensive-russe-1386610-300x169.jpg 300w\" sizes=\"auto, (max-width: 389px) 100vw, 389px\" \/><\/a> appartenance \u00e0 <span style=\"color: #008000;\"><strong>un peuple, une foi ou un mode de vie, pour leurs opinions, leur nationalit\u00e9 ou leur sexualit\u00e9, d<\/strong><\/span>evient presque routinier. <strong>Hier, en plein Paris, la minorit\u00e9 kurde, vivant pacifiquement autour du faubourg Saint-Denis au milieu d&rsquo;autres minorit\u00e9s<\/strong>, dont de nombreux Turcs, a \u00e9t\u00e9 prise pour cible &#8211; <strong><span style=\"color: #008000;\">trois morts et autant de bless\u00e9s graves, dont le <a href=\"https:\/\/www.youtube.com\/watch?v=bwFGAqwRqdw\" target=\"_blank\" rel=\"noopener\">chanteur Mir Perwer<\/a>, vis\u00e9s par\u00a0 un retrait\u00e9 aux motivations clairement x\u00e9nophob<\/span><\/strong><strong><span style=\"color: #008000;\">es <\/span>\u00ab\u00a0Je n&rsquo;aime pas les Kurdes\u00a0\u00bb,<span style=\"color: #008000;\"> a-t-il juste d\u00e9clar\u00e9 aux policier<\/span><\/strong>. Chaque jour, <strong>des civils sont abattus ou pendus en Iran pour avoir oser d\u00e9fier la dictature cl\u00e9ricale des mollahs.<\/strong> En Ukraine encore, <span style=\"color: #008000;\"><strong>les morts s&#8217;empilent, et tout laisse craindre une \u00ab\u00a0\u00e9ternisation\u00a0\u00bb du conflit.<\/strong><\/span> <a href=\"https:\/\/www.nytimes.com\/2022\/12\/22\/video\/russia-ukraine-bucha-massacre-takeaways.html\" target=\"_blank\" rel=\"noopener\">Le New York Times vient de mettre en ligne un reportage documentant, avec un nombre accablant de preuves, les massacres effectu\u00e9es par le 234\u00b0 r\u00e9giment de parachutistes russe \u00e0 Boutcha,<\/a> <strong>dans la banlieue de Kiev, durant l&rsquo;offensive du printemps, avant leur retraite pr\u00e9cipit\u00e9e (<em>photo : <span style=\"color: #008000;\">la main d&rsquo;Olga, tu\u00e9e dans la rue Jablonska<\/span><\/em>). <\/strong><strong>S&rsquo;appuyant sur des centaines de photos et de vid\u00e9os<\/strong> prises par des t\u00e9moins cach\u00e9s et les relev\u00e9s d&rsquo;appels pass\u00e9s par les soldats russes <strong>sur les portables de leurs victimes, <span style=\"color: #008000;\">cette enqu\u00eate<\/span> est un mod\u00e8le de pr\u00e9cision<\/strong>. <strong><span style=\"color: #008000;\">Esp\u00e9rons qu&rsquo;elle aidera \u00e0 poursuivre, le jour o\u00f9 la dictature russe tombera, les responsables et les acteurs de cette boucherie,<\/span><\/strong> dont le lieutenant-colonel <strong>Artyom Gorodilov<\/strong> : tous ont \u00e9t\u00e9 d\u00e9cor\u00e9s par <strong><span style=\"color: #008000;\">Poutine<\/span> quelque semaines apr\u00e8s les faits.<br \/>\n<\/strong><\/p>\n","protected":false},"excerpt":{"rendered":"<p>Nous entrons \u00ab\u00a0insensiblement\u00a0\u00bb dans une \u00e8re o\u00f9 le massacre d&rsquo;innocents, cibl\u00e9s pour leur appartenance \u00e0 un peuple, une foi ou un mode de vie, pour leurs opinions, leur nationalit\u00e9 ou leur sexualit\u00e9, devient presque routinier. Hier, en plein Paris, la minorit\u00e9 kurde, vivant pacifiquement autour du faubourg Saint-Denis au milieu d&rsquo;autres minorit\u00e9s, dont de nombreux [&hellip;]<\/p>\n","protected":false},"author":2,"featured_media":0,"comment_status":"open","ping_status":"","sticky":false,"template":"","format":"standard","meta":{"footnotes":""},"categories":[8],"tags":[],"class_list":["post-14747","post","type-post","status-publish","format-standard","hentry","category-allergies","count-0","even alt","author-claude-arnaud","last"],"post_mailing_queue_ids":[],"_links":{"self":[{"href":"https:\/\/www.claude-arnaud.com\/fr\/wp-json\/wp\/v2\/posts\/14747","targetHints":{"allow":["GET"]}}],"collection":[{"href":"https:\/\/www.claude-arnaud.com\/fr\/wp-json\/wp\/v2\/posts"}],"about":[{"href":"https:\/\/www.claude-arnaud.com\/fr\/wp-json\/wp\/v2\/types\/post"}],"author":[{"embeddable":true,"href":"https:\/\/www.claude-arnaud.com\/fr\/wp-json\/wp\/v2\/users\/2"}],"replies":[{"embeddable":true,"href":"https:\/\/www.claude-arnaud.com\/fr\/wp-json\/wp\/v2\/comments?post=14747"}],"version-history":[{"count":14,"href":"https:\/\/www.claude-arnaud.com\/fr\/wp-json\/wp\/v2\/posts\/14747\/revisions"}],"predecessor-version":[{"id":16203,"href":"https:\/\/www.claude-arnaud.com\/fr\/wp-json\/wp\/v2\/posts\/14747\/revisions\/16203"}],"wp:attachment":[{"href":"https:\/\/www.claude-arnaud.com\/fr\/wp-json\/wp\/v2\/media?parent=14747"}],"wp:term":[{"taxonomy":"category","embeddable":true,"href":"https:\/\/www.claude-arnaud.com\/fr\/wp-json\/wp\/v2\/categories?post=14747"},{"taxonomy":"post_tag","embeddable":true,"href":"https:\/\/www.claude-arnaud.com\/fr\/wp-json\/wp\/v2\/tags?post=14747"}],"curies":[{"name":"wp","href":"https:\/\/api.w.org\/{rel}","templated":true}]}}