{"id":14505,"date":"2022-09-24T15:15:35","date_gmt":"2022-09-24T14:15:35","guid":{"rendered":"https:\/\/www.claude-arnaud.com\/fr\/?p=14505"},"modified":"2023-09-08T22:36:51","modified_gmt":"2023-09-08T21:36:51","slug":"sur-le-dernier-roman-de-yannick-haenel","status":"publish","type":"post","link":"https:\/\/www.claude-arnaud.com\/fr\/archives\/14505","title":{"rendered":"Sur le dernier roman de Yannick Haenel"},"content":{"rendered":"<p><strong><a href=\"https:\/\/www.claude-arnaud.com\/fr\/wp-content\/uploads\/2022\/09\/Yannick-Haenel-IMG-3543.jpg\"><img loading=\"lazy\" decoding=\"async\" class=\"alignleft  wp-image-14508\" src=\"https:\/\/www.claude-arnaud.com\/fr\/wp-content\/uploads\/2022\/09\/Yannick-Haenel-IMG-3543-200x300.jpg\" alt=\"\" width=\"128\" height=\"192\" srcset=\"https:\/\/www.claude-arnaud.com\/fr\/wp-content\/uploads\/2022\/09\/Yannick-Haenel-IMG-3543-200x300.jpg 200w, https:\/\/www.claude-arnaud.com\/fr\/wp-content\/uploads\/2022\/09\/Yannick-Haenel-IMG-3543.jpg 574w\" sizes=\"auto, (max-width: 128px) 100vw, 128px\" \/><\/a>Dans son num\u00e9ro 2616,<span style=\"color: #008000;\"> dat\u00e9 du jeudi 22 septembre 2022<\/span><\/strong>, <strong>LE POINT<\/strong> a publi\u00e9 un article de <strong><span style=\"color: #008000;\">Claude ARNAUD<\/span> <\/strong>consacr\u00e9 au<strong> <em>Tr\u00e9sorier-Payeur<\/em><\/strong>, le dernier roman de <strong><span style=\"color: #008000;\">Yannick HAENEL<\/span><\/strong>, publi\u00e9 \u00e0 cette rentr\u00e9e aux \u00e9ditions Gallimard. <a href=\"https:\/\/www.claude-arnaud.com\/fr\/wp-content\/uploads\/2022\/09\/Haennel.pdf\">Pour lire cet article<\/a>&#8230;\u00a0\u00a0\u00a0\u00a0\u00a0\u00a0\u00a0\u00a0\u00a0\u00a0\u00a0\u00a0\u00a0\u00a0\u00a0\u00a0\u00a0\u00a0\u00a0\u00a0\u00a0\u00a0\u00a0\u00a0\u00a0\u00a0\u00a0\u00a0\u00a0\u00a0\u00a0\u00a0\u00a0\u00a0\u00a0\u00a0\u00a0\u00a0\u00a0\u00a0\u00a0\u00a0\u00a0\u00a0\u00a0\u00a0\u00a0\u00a0\u00a0\u00a0\u00a0\u00a0\u00a0\u00a0\u00a0\u00a0\u00a0\u00a0\u00a0\u00a0\u00a0\u00a0\u00a0\u00a0\u00a0\u00a0\u00a0\u00a0\u00a0\u00a0\u00a0\u00a0\u00a0\u00a0\u00a0 (<em>ph: Leonardo Cendamo<\/em>)<\/p>\n","protected":false},"excerpt":{"rendered":"<p>Dans son num\u00e9ro 2616, dat\u00e9 du jeudi 22 septembre 2022, LE POINT a publi\u00e9 un article de Claude ARNAUD consacr\u00e9 au Tr\u00e9sorier-Payeur, le dernier roman de Yannick HAENEL, publi\u00e9 \u00e0 cette rentr\u00e9e aux \u00e9ditions Gallimard. Pour lire cet article&#8230;\u00a0\u00a0\u00a0\u00a0\u00a0\u00a0\u00a0\u00a0\u00a0\u00a0\u00a0\u00a0\u00a0\u00a0\u00a0\u00a0\u00a0\u00a0\u00a0\u00a0\u00a0\u00a0\u00a0\u00a0\u00a0\u00a0\u00a0\u00a0\u00a0\u00a0\u00a0\u00a0\u00a0\u00a0\u00a0\u00a0\u00a0\u00a0\u00a0\u00a0\u00a0\u00a0\u00a0\u00a0\u00a0\u00a0\u00a0\u00a0\u00a0\u00a0\u00a0\u00a0\u00a0\u00a0\u00a0\u00a0\u00a0\u00a0\u00a0\u00a0\u00a0\u00a0\u00a0\u00a0\u00a0\u00a0\u00a0\u00a0\u00a0\u00a0\u00a0\u00a0\u00a0\u00a0\u00a0 (ph: Leonardo Cendamo)<\/p>\n","protected":false},"author":2,"featured_media":0,"comment_status":"open","ping_status":"","sticky":false,"template":"","format":"standard","meta":{"footnotes":""},"categories":[4],"tags":[],"class_list":["post-14505","post","type-post","status-publish","format-standard","hentry","category-articles","count-0","even alt","author-claude-arnaud","last"],"post_mailing_queue_ids":[],"_links":{"self":[{"href":"https:\/\/www.claude-arnaud.com\/fr\/wp-json\/wp\/v2\/posts\/14505","targetHints":{"allow":["GET"]}}],"collection":[{"href":"https:\/\/www.claude-arnaud.com\/fr\/wp-json\/wp\/v2\/posts"}],"about":[{"href":"https:\/\/www.claude-arnaud.com\/fr\/wp-json\/wp\/v2\/types\/post"}],"author":[{"embeddable":true,"href":"https:\/\/www.claude-arnaud.com\/fr\/wp-json\/wp\/v2\/users\/2"}],"replies":[{"embeddable":true,"href":"https:\/\/www.claude-arnaud.com\/fr\/wp-json\/wp\/v2\/comments?post=14505"}],"version-history":[{"count":3,"href":"https:\/\/www.claude-arnaud.com\/fr\/wp-json\/wp\/v2\/posts\/14505\/revisions"}],"predecessor-version":[{"id":14510,"href":"https:\/\/www.claude-arnaud.com\/fr\/wp-json\/wp\/v2\/posts\/14505\/revisions\/14510"}],"wp:attachment":[{"href":"https:\/\/www.claude-arnaud.com\/fr\/wp-json\/wp\/v2\/media?parent=14505"}],"wp:term":[{"taxonomy":"category","embeddable":true,"href":"https:\/\/www.claude-arnaud.com\/fr\/wp-json\/wp\/v2\/categories?post=14505"},{"taxonomy":"post_tag","embeddable":true,"href":"https:\/\/www.claude-arnaud.com\/fr\/wp-json\/wp\/v2\/tags?post=14505"}],"curies":[{"name":"wp","href":"https:\/\/api.w.org\/{rel}","templated":true}]}}