{"id":13747,"date":"2022-01-26T19:41:40","date_gmt":"2022-01-26T18:41:40","guid":{"rendered":"https:\/\/www.claude-arnaud.com\/fr\/?p=13747"},"modified":"2025-01-24T17:55:52","modified_gmt":"2025-01-24T16:55:52","slug":"les-inrocks-saluent-juste-un-corps","status":"publish","type":"post","link":"https:\/\/www.claude-arnaud.com\/fr\/archives\/13747","title":{"rendered":"Les INROCKS saluent JUSTE UN CORPS"},"content":{"rendered":"<p><strong><a href=\"https:\/\/www.claude-arnaud.com\/fr\/wp-content\/uploads\/2013\/07\/inrocks.jpg\"><img loading=\"lazy\" decoding=\"async\" class=\"alignleft  wp-image-3753\" src=\"https:\/\/www.claude-arnaud.com\/fr\/wp-content\/uploads\/2013\/07\/inrocks.jpg\" alt=\"\" width=\"167\" height=\"114\" \/><\/a>Le 26 janvier 2022<\/strong>, <span style=\"color: #008000;\"><strong>G\u00e9rard LEFORT<\/strong><\/span> a salu\u00e9, sur le site des <em><strong>INROCKS<\/strong><\/em>, un <span style=\"color: #008000;\"><strong>\u00ab\u00a0bel autoportrait<a href=\"https:\/\/www.claude-arnaud.com\/fr\/wp-content\/uploads\/2021\/12\/D23564.jpg\"><img loading=\"lazy\" decoding=\"async\" class=\"alignright size-medium wp-image-13628\" src=\"https:\/\/www.claude-arnaud.com\/fr\/wp-content\/uploads\/2021\/12\/D23564-205x300.jpg\" alt=\"\" width=\"205\" height=\"300\" srcset=\"https:\/\/www.claude-arnaud.com\/fr\/wp-content\/uploads\/2021\/12\/D23564-205x300.jpg 205w, https:\/\/www.claude-arnaud.com\/fr\/wp-content\/uploads\/2021\/12\/D23564.jpg 312w\" sizes=\"auto, (max-width: 205px) 100vw, 205px\" \/><\/a> fun\u00e9raire et plein de vie.\u00a0\u00bb<\/strong><\/span><\/p>\n<p>\u00ab\u00a0Dans <span style=\"color: #008000;\"><em><strong>l&rsquo;Ethique<\/strong><\/em><\/span>, \u00e9crit-il, <strong>SPINOZA<\/strong> sugg\u00e8re qu&rsquo;il y a un \u00ab\u00a0<strong>incorporel des corps<\/strong> <strong><span style=\"color: #008000;\">aussi puissant que l&rsquo;<span style=\"color: #000000;\">inconscient<\/span> de la pens\u00e9e<\/span><\/strong>\u00ab\u00a0. <strong>Claude ARNAUD<\/strong> dans son <strong><span style=\"color: #008000;\"><em>Juste un Corps<\/em><\/span><\/strong> m\u00eale ses <strong>deux sp\u00e9cialit\u00e9s<\/strong> litt\u00e9raires, <strong>l&rsquo;autobiographie et l&rsquo;<span style=\"color: #008000;\">essai<\/span>.<\/strong>..\u00a0\u00bb Pour lire la suite <a href=\"https:\/\/www.claude-arnaud.com\/fr\/wp-content\/uploads\/2022\/01\/Les-Inrocks-26-janvier.pdf\">de cet article<\/a>&#8230; Pour feuilleter les premi\u00e8res pages <a href=\"https:\/\/www.mercuredefrance.fr\/juste-un-corps\/9782715257115\" target=\"_blank\" rel=\"noopener\">de ce livre<\/a>&#8230;<\/p>\n","protected":false},"excerpt":{"rendered":"<p>Le 26 janvier 2022, G\u00e9rard LEFORT a salu\u00e9, sur le site des INROCKS, un \u00ab\u00a0bel autoportrait fun\u00e9raire et plein de vie.\u00a0\u00bb \u00ab\u00a0Dans l&rsquo;Ethique, \u00e9crit-il, SPINOZA sugg\u00e8re qu&rsquo;il y a un \u00ab\u00a0incorporel des corps aussi puissant que l&rsquo;inconscient de la pens\u00e9e\u00ab\u00a0. Claude ARNAUD dans son Juste un Corps m\u00eale ses deux sp\u00e9cialit\u00e9s litt\u00e9raires, l&rsquo;autobiographie et l&rsquo;essai&#8230;\u00a0\u00bb [&hellip;]<\/p>\n","protected":false},"author":2,"featured_media":0,"comment_status":"open","ping_status":"","sticky":false,"template":"","format":"standard","meta":{"footnotes":""},"categories":[4],"tags":[],"class_list":["post-13747","post","type-post","status-publish","format-standard","hentry","category-articles","count-0","even alt","author-claude-arnaud","last"],"post_mailing_queue_ids":[],"_links":{"self":[{"href":"https:\/\/www.claude-arnaud.com\/fr\/wp-json\/wp\/v2\/posts\/13747","targetHints":{"allow":["GET"]}}],"collection":[{"href":"https:\/\/www.claude-arnaud.com\/fr\/wp-json\/wp\/v2\/posts"}],"about":[{"href":"https:\/\/www.claude-arnaud.com\/fr\/wp-json\/wp\/v2\/types\/post"}],"author":[{"embeddable":true,"href":"https:\/\/www.claude-arnaud.com\/fr\/wp-json\/wp\/v2\/users\/2"}],"replies":[{"embeddable":true,"href":"https:\/\/www.claude-arnaud.com\/fr\/wp-json\/wp\/v2\/comments?post=13747"}],"version-history":[{"count":8,"href":"https:\/\/www.claude-arnaud.com\/fr\/wp-json\/wp\/v2\/posts\/13747\/revisions"}],"predecessor-version":[{"id":16528,"href":"https:\/\/www.claude-arnaud.com\/fr\/wp-json\/wp\/v2\/posts\/13747\/revisions\/16528"}],"wp:attachment":[{"href":"https:\/\/www.claude-arnaud.com\/fr\/wp-json\/wp\/v2\/media?parent=13747"}],"wp:term":[{"taxonomy":"category","embeddable":true,"href":"https:\/\/www.claude-arnaud.com\/fr\/wp-json\/wp\/v2\/categories?post=13747"},{"taxonomy":"post_tag","embeddable":true,"href":"https:\/\/www.claude-arnaud.com\/fr\/wp-json\/wp\/v2\/tags?post=13747"}],"curies":[{"name":"wp","href":"https:\/\/api.w.org\/{rel}","templated":true}]}}