{"id":13705,"date":"2022-01-09T00:10:05","date_gmt":"2022-01-08T23:10:05","guid":{"rendered":"https:\/\/www.claude-arnaud.com\/fr\/?p=13705"},"modified":"2022-01-09T00:10:54","modified_gmt":"2022-01-08T23:10:54","slug":"sur-lhomosexualite-en-corse","status":"publish","type":"post","link":"https:\/\/www.claude-arnaud.com\/fr\/archives\/13705","title":{"rendered":"Sur l&rsquo;homosexualit\u00e9 en Corse"},"content":{"rendered":"<p><strong><a href=\"https:\/\/www.claude-arnaud.com\/fr\/wp-content\/uploads\/2022\/01\/Logo_700x394_Suceta.jpg\"><img loading=\"lazy\" decoding=\"async\" class=\"alignleft size-medium wp-image-13706\" src=\"https:\/\/www.claude-arnaud.com\/fr\/wp-content\/uploads\/2022\/01\/Logo_700x394_Suceta-300x169.jpg\" alt=\"\" width=\"300\" height=\"169\" srcset=\"https:\/\/www.claude-arnaud.com\/fr\/wp-content\/uploads\/2022\/01\/Logo_700x394_Suceta-300x169.jpg 300w, https:\/\/www.claude-arnaud.com\/fr\/wp-content\/uploads\/2022\/01\/Logo_700x394_Suceta.jpg 700w\" sizes=\"auto, (max-width: 300px) 100vw, 300px\" \/><\/a>Claude ARNAUD<\/strong> a t\u00e9moign\u00e9 au sujet de <strong><span style=\"color: #008000;\">l&rsquo;homosexualit\u00e9 en Corse<\/span><\/strong> au cours d&rsquo;une passionnante \u00e9mission consacr\u00e9e au sujet par <strong><span style=\"color: #008000;\">le magazine t\u00e9l\u00e9vis\u00e9 insulaire SUCETA<\/span><\/strong>, en date du <strong>10 d\u00e9cembre 2021,<\/strong> sur la chaine <strong>FR3&nbsp; Corse Via Stella<\/strong> . <a href=\"https:\/\/www.youtube.com\/watch?v=P-fxwhyhKKU\" target=\"_blank\" rel=\"noopener\">Pour revoir cette \u00e9mission sur Youtube<\/a>&#8230;<\/p>\n","protected":false},"excerpt":{"rendered":"<p>Claude ARNAUD a t\u00e9moign\u00e9 au sujet de l&rsquo;homosexualit\u00e9 en Corse au cours d&rsquo;une passionnante \u00e9mission consacr\u00e9e au sujet par le magazine t\u00e9l\u00e9vis\u00e9 insulaire SUCETA, en date du 10 d\u00e9cembre 2021, sur la chaine FR3&nbsp; Corse Via Stella . Pour revoir cette \u00e9mission sur Youtube&#8230;<\/p>\n","protected":false},"author":2,"featured_media":0,"comment_status":"open","ping_status":"","sticky":false,"template":"","format":"standard","meta":{"footnotes":""},"categories":[6],"tags":[],"class_list":["post-13705","post","type-post","status-publish","format-standard","hentry","category-evenements","count-0","even alt","author-claude-arnaud","last"],"post_mailing_queue_ids":[],"_links":{"self":[{"href":"https:\/\/www.claude-arnaud.com\/fr\/wp-json\/wp\/v2\/posts\/13705","targetHints":{"allow":["GET"]}}],"collection":[{"href":"https:\/\/www.claude-arnaud.com\/fr\/wp-json\/wp\/v2\/posts"}],"about":[{"href":"https:\/\/www.claude-arnaud.com\/fr\/wp-json\/wp\/v2\/types\/post"}],"author":[{"embeddable":true,"href":"https:\/\/www.claude-arnaud.com\/fr\/wp-json\/wp\/v2\/users\/2"}],"replies":[{"embeddable":true,"href":"https:\/\/www.claude-arnaud.com\/fr\/wp-json\/wp\/v2\/comments?post=13705"}],"version-history":[{"count":2,"href":"https:\/\/www.claude-arnaud.com\/fr\/wp-json\/wp\/v2\/posts\/13705\/revisions"}],"predecessor-version":[{"id":13708,"href":"https:\/\/www.claude-arnaud.com\/fr\/wp-json\/wp\/v2\/posts\/13705\/revisions\/13708"}],"wp:attachment":[{"href":"https:\/\/www.claude-arnaud.com\/fr\/wp-json\/wp\/v2\/media?parent=13705"}],"wp:term":[{"taxonomy":"category","embeddable":true,"href":"https:\/\/www.claude-arnaud.com\/fr\/wp-json\/wp\/v2\/categories?post=13705"},{"taxonomy":"post_tag","embeddable":true,"href":"https:\/\/www.claude-arnaud.com\/fr\/wp-json\/wp\/v2\/tags?post=13705"}],"curies":[{"name":"wp","href":"https:\/\/api.w.org\/{rel}","templated":true}]}}