{"id":13583,"date":"2021-11-17T14:43:21","date_gmt":"2021-11-17T13:43:21","guid":{"rendered":"https:\/\/www.claude-arnaud.com\/fr\/?p=13583"},"modified":"2025-01-24T16:37:42","modified_gmt":"2025-01-24T15:37:42","slug":"le-jeudi-2-decembre-autour-du-bicentenaire-de-la-mort-de-napoleon","status":"publish","type":"post","link":"https:\/\/www.claude-arnaud.com\/fr\/archives\/13583","title":{"rendered":"Le jeudi 2 d\u00e9cembre, autour du bicentenaire de la mort de Napol\u00e9on&#8230;"},"content":{"rendered":"<p><span style=\"color: #008000;\"><strong><a href=\"https:\/\/www.claude-arnaud.com\/fr\/wp-content\/uploads\/2021\/11\/88bf061a69940ada31c28b771982295a65856141067f39161c832f49a49151c4-rimg-w1051-h1548-gmir.jpg\"><img loading=\"lazy\" decoding=\"async\" class=\"alignleft size-medium wp-image-13584\" src=\"https:\/\/www.claude-arnaud.com\/fr\/wp-content\/uploads\/2021\/11\/88bf061a69940ada31c28b771982295a65856141067f39161c832f49a49151c4-rimg-w1051-h1548-gmir-204x300.jpg\" alt=\"\" width=\"204\" height=\"300\" srcset=\"https:\/\/www.claude-arnaud.com\/fr\/wp-content\/uploads\/2021\/11\/88bf061a69940ada31c28b771982295a65856141067f39161c832f49a49151c4-rimg-w1051-h1548-gmir-204x300.jpg 204w, https:\/\/www.claude-arnaud.com\/fr\/wp-content\/uploads\/2021\/11\/88bf061a69940ada31c28b771982295a65856141067f39161c832f49a49151c4-rimg-w1051-h1548-gmir-695x1024.jpg 695w, https:\/\/www.claude-arnaud.com\/fr\/wp-content\/uploads\/2021\/11\/88bf061a69940ada31c28b771982295a65856141067f39161c832f49a49151c4-rimg-w1051-h1548-gmir-768x1131.jpg 768w, https:\/\/www.claude-arnaud.com\/fr\/wp-content\/uploads\/2021\/11\/88bf061a69940ada31c28b771982295a65856141067f39161c832f49a49151c4-rimg-w1051-h1548-gmir-1043x1536.jpg 1043w, https:\/\/www.claude-arnaud.com\/fr\/wp-content\/uploads\/2021\/11\/88bf061a69940ada31c28b771982295a65856141067f39161c832f49a49151c4-rimg-w1051-h1548-gmir.jpg 1051w\" sizes=\"auto, (max-width: 204px) 100vw, 204px\" \/><\/a>Le jeudi 2 d\u00e9cembre 2021<\/strong><\/span>, \u00e0 l&rsquo;H\u00f4tel de l&rsquo;Industrie, <strong>4 place Saint-Germain des Pr\u00e8s, <span style=\"color: #008000;\">75006<\/span> Paris,<\/strong> sera pr\u00e9sent\u00e9 au public, de <span style=\"color: #008000;\"><strong>10.30 \u00e0 13.30<\/strong><\/span>, l&rsquo;ouvrage collectif <em><strong>Napol\u00e9on 2021, retours sur image <\/strong><\/em>(\u00e9ditions Alain Piazolla) auquel ont particip\u00e9 <strong>de nombreuses personnalit\u00e9s li\u00e9es \u00e0 la Corse<\/strong>, dont <strong><span style=\"color: #008000;\">Claude ARNAUD<\/span><\/strong>. R\u00e9unis par <strong>Jean-Pierre MATTEI<\/strong>, fondateur de la Cin\u00e9math\u00e8que de l&rsquo;\u00eele, <strong><span style=\"color: #008000;\">ces t\u00e9moignages \u00e9voquent la perception que <span style=\"color: #000000;\">le r\u00f4le et la personnalit\u00e9<\/span> de l&rsquo;Empereur <span style=\"color: #000000;\">suscitent encore aujourd&rsquo;hui<\/span><\/span><\/strong>. <span style=\"color: #008000;\"><strong>Une s\u00e9ance de d\u00e9dicaces suivra, <span style=\"color: #000000;\">avec les auteurs pr\u00e9sents<\/span> et en pr\u00e9sence de COSTA-GAVRAS, <span style=\"color: #000000;\">pr\u00e9sident de la Cin\u00e9math\u00e8que fran\u00e7aise<\/span>..<\/strong><\/span>.<\/p>\n<p>Pour <a href=\"https:\/\/allevents.in\/paris\/napol%C3%A9on-2021-retours-sur-image\/10000209830467577\" target=\"_blank\" rel=\"noopener\">en savoir plus<\/a>&#8230; Pour <a href=\"https:\/\/livre.fnac.com\/a16236467\/Jean-Pierre-Mattei-Napoleon-2021\" target=\"_blank\" rel=\"noopener\">trouver cet ouvrage<\/a>&#8230;<\/p>\n\n\n<p><\/p>\n","protected":false},"excerpt":{"rendered":"<p>Le jeudi 2 d\u00e9cembre 2021, \u00e0 l&rsquo;H\u00f4tel de l&rsquo;Industrie, 4 place Saint-Germain des Pr\u00e8s, 75006 Paris, sera pr\u00e9sent\u00e9 au public, de 10.30 \u00e0 13.30, l&rsquo;ouvrage collectif Napol\u00e9on 2021, retours sur image (\u00e9ditions Alain Piazolla) auquel ont particip\u00e9 de nombreuses personnalit\u00e9s li\u00e9es \u00e0 la Corse, dont Claude ARNAUD. R\u00e9unis par Jean-Pierre MATTEI, fondateur de la Cin\u00e9math\u00e8que [&hellip;]<\/p>\n","protected":false},"author":2,"featured_media":0,"comment_status":"open","ping_status":"","sticky":false,"template":"","format":"standard","meta":{"footnotes":""},"categories":[5],"tags":[],"class_list":["post-13583","post","type-post","status-publish","format-standard","hentry","category-rencontres","count-0","even alt","author-claude-arnaud","last"],"post_mailing_queue_ids":[],"_links":{"self":[{"href":"https:\/\/www.claude-arnaud.com\/fr\/wp-json\/wp\/v2\/posts\/13583","targetHints":{"allow":["GET"]}}],"collection":[{"href":"https:\/\/www.claude-arnaud.com\/fr\/wp-json\/wp\/v2\/posts"}],"about":[{"href":"https:\/\/www.claude-arnaud.com\/fr\/wp-json\/wp\/v2\/types\/post"}],"author":[{"embeddable":true,"href":"https:\/\/www.claude-arnaud.com\/fr\/wp-json\/wp\/v2\/users\/2"}],"replies":[{"embeddable":true,"href":"https:\/\/www.claude-arnaud.com\/fr\/wp-json\/wp\/v2\/comments?post=13583"}],"version-history":[{"count":5,"href":"https:\/\/www.claude-arnaud.com\/fr\/wp-json\/wp\/v2\/posts\/13583\/revisions"}],"predecessor-version":[{"id":16509,"href":"https:\/\/www.claude-arnaud.com\/fr\/wp-json\/wp\/v2\/posts\/13583\/revisions\/16509"}],"wp:attachment":[{"href":"https:\/\/www.claude-arnaud.com\/fr\/wp-json\/wp\/v2\/media?parent=13583"}],"wp:term":[{"taxonomy":"category","embeddable":true,"href":"https:\/\/www.claude-arnaud.com\/fr\/wp-json\/wp\/v2\/categories?post=13583"},{"taxonomy":"post_tag","embeddable":true,"href":"https:\/\/www.claude-arnaud.com\/fr\/wp-json\/wp\/v2\/tags?post=13583"}],"curies":[{"name":"wp","href":"https:\/\/api.w.org\/{rel}","templated":true}]}}