{"id":13516,"date":"2021-10-01T12:32:00","date_gmt":"2021-10-01T11:32:00","guid":{"rendered":"https:\/\/www.claude-arnaud.com\/fr\/?p=13516"},"modified":"2021-10-08T13:49:54","modified_gmt":"2021-10-08T12:49:54","slug":"sur-la-france-goy-de-christophe-donner","status":"publish","type":"post","link":"https:\/\/www.claude-arnaud.com\/fr\/archives\/13516","title":{"rendered":"Sur \u00ab\u00a0La France goy\u00a0\u00bb de Christophe Donner"},"content":{"rendered":"<p><strong><a href=\"https:\/\/www.claude-arnaud.com\/fr\/wp-content\/uploads\/2019\/08\/le-point-logo.jpg\"><img loading=\"lazy\" decoding=\"async\" class=\"alignleft size-medium wp-image-9973\" src=\"https:\/\/www.claude-arnaud.com\/fr\/wp-content\/uploads\/2019\/08\/le-point-logo-300x300.jpg\" alt=\"\" width=\"300\" height=\"300\" srcset=\"https:\/\/www.claude-arnaud.com\/fr\/wp-content\/uploads\/2019\/08\/le-point-logo-300x300.jpg 300w, https:\/\/www.claude-arnaud.com\/fr\/wp-content\/uploads\/2019\/08\/le-point-logo-150x150.jpg 150w, https:\/\/www.claude-arnaud.com\/fr\/wp-content\/uploads\/2019\/08\/le-point-logo-48x48.jpg 48w, https:\/\/www.claude-arnaud.com\/fr\/wp-content\/uploads\/2019\/08\/le-point-logo.jpg 808w\" sizes=\"auto, (max-width: 300px) 100vw, 300px\" \/><\/a>Dans son num\u00e9ro 2564, <span style=\"color: #008000;\">dat\u00e9 du 30 septembre 2021<\/span><\/strong>, <em><strong>LE POINT<\/strong><\/em> a publi\u00e9 un article de <strong><span style=\"color: #008000;\">Claude ARNAUD<\/span><\/strong> sur l&rsquo;excellent livre de <strong>Christophe DONNNER<\/strong>, <span style=\"color: #008000;\"><strong><em>La France goy<\/em><\/strong><\/span>, paru chez Grasset et retenu dans la derni\u00e8re liste <strong>du prix M\u00e9dicis, qui sera attribu\u00e9 le 26 octobre<\/strong>. Pour lire <a href=\"https:\/\/www.claude-arnaud.com\/fr\/wp-content\/uploads\/2021\/10\/Donner.jpeg.pdf\">cet article<\/a>&#8230; Pour avoir un aper\u00e7u des <a href=\"https:\/\/www.google.fr\/books\/edition\/La_France_goy\/zrU0EAAAQBAJ?hl=fr&amp;gbpv=0\" target=\"_blank\" rel=\"noopener\">50 premi\u00e8res pages du livre<\/a>&#8230;<\/p>\n","protected":false},"excerpt":{"rendered":"<p>Dans son num\u00e9ro 2564, dat\u00e9 du 30 septembre 2021, LE POINT a publi\u00e9 un article de Claude ARNAUD sur l&rsquo;excellent livre de Christophe DONNNER, La France goy, paru chez Grasset et retenu dans la derni\u00e8re liste du prix M\u00e9dicis, qui sera attribu\u00e9 le 26 octobre. Pour lire cet article&#8230; Pour avoir un aper\u00e7u des 50 [&hellip;]<\/p>\n","protected":false},"author":2,"featured_media":0,"comment_status":"open","ping_status":"","sticky":false,"template":"","format":"standard","meta":{"footnotes":""},"categories":[4],"tags":[],"class_list":["post-13516","post","type-post","status-publish","format-standard","hentry","category-articles","count-0","even alt","author-claude-arnaud","last"],"post_mailing_queue_ids":[],"_links":{"self":[{"href":"https:\/\/www.claude-arnaud.com\/fr\/wp-json\/wp\/v2\/posts\/13516","targetHints":{"allow":["GET"]}}],"collection":[{"href":"https:\/\/www.claude-arnaud.com\/fr\/wp-json\/wp\/v2\/posts"}],"about":[{"href":"https:\/\/www.claude-arnaud.com\/fr\/wp-json\/wp\/v2\/types\/post"}],"author":[{"embeddable":true,"href":"https:\/\/www.claude-arnaud.com\/fr\/wp-json\/wp\/v2\/users\/2"}],"replies":[{"embeddable":true,"href":"https:\/\/www.claude-arnaud.com\/fr\/wp-json\/wp\/v2\/comments?post=13516"}],"version-history":[{"count":4,"href":"https:\/\/www.claude-arnaud.com\/fr\/wp-json\/wp\/v2\/posts\/13516\/revisions"}],"predecessor-version":[{"id":13524,"href":"https:\/\/www.claude-arnaud.com\/fr\/wp-json\/wp\/v2\/posts\/13516\/revisions\/13524"}],"wp:attachment":[{"href":"https:\/\/www.claude-arnaud.com\/fr\/wp-json\/wp\/v2\/media?parent=13516"}],"wp:term":[{"taxonomy":"category","embeddable":true,"href":"https:\/\/www.claude-arnaud.com\/fr\/wp-json\/wp\/v2\/categories?post=13516"},{"taxonomy":"post_tag","embeddable":true,"href":"https:\/\/www.claude-arnaud.com\/fr\/wp-json\/wp\/v2\/tags?post=13516"}],"curies":[{"name":"wp","href":"https:\/\/api.w.org\/{rel}","templated":true}]}}