{"id":13399,"date":"2021-07-19T15:41:59","date_gmt":"2021-07-19T14:41:59","guid":{"rendered":"https:\/\/www.claude-arnaud.com\/fr\/?p=13399"},"modified":"2021-08-25T21:53:03","modified_gmt":"2021-08-25T20:53:03","slug":"le-prix-du-memorial-dajaccio-au-mal-des-ruines","status":"publish","type":"post","link":"https:\/\/www.claude-arnaud.com\/fr\/archives\/13399","title":{"rendered":"Le prix du M\u00e9morial d&rsquo;Ajaccio au Mal des ruines"},"content":{"rendered":"<p><a href=\"https:\/\/www.claude-arnaud.com\/fr\/wp-content\/uploads\/2021\/07\/Prix-Ajaccio.png\"><img loading=\"lazy\" decoding=\"async\" class=\"alignleft size-medium wp-image-13418\" src=\"https:\/\/www.claude-arnaud.com\/fr\/wp-content\/uploads\/2021\/07\/Prix-Ajaccio-102x300.png\" alt=\"\" width=\"102\" height=\"300\" srcset=\"https:\/\/www.claude-arnaud.com\/fr\/wp-content\/uploads\/2021\/07\/Prix-Ajaccio-102x300.png 102w, https:\/\/www.claude-arnaud.com\/fr\/wp-content\/uploads\/2021\/07\/Prix-Ajaccio.png 247w\" sizes=\"auto, (max-width: 102px) 100vw, 102px\" \/><\/a>En comp\u00e9tition avec les ouvrages de <strong>Jean-Marc Graziani<\/strong>, <span style=\"color: #008000;\"><strong>d&rsquo;Andre\u00ef Makine<\/strong><\/span>, <strong>de Pierre Nora<\/strong> et de <span style=\"color: #008000;\">Leila Slimani<\/span>, <em><strong>Le Mal des ruines<\/strong><\/em> a re\u00e7u le 42\u00b0 <strong><span style=\"color: #008000;\">Prix du M\u00e9morial, Grand prix litt\u00e9raire de la ville d&rsquo;Ajaccio<\/span><\/strong> pour cette ann\u00e9e 2021. Le prix lui a \u00e9t\u00e9 remis le <strong>vendredi 6 ao\u00fbt<\/strong> <strong><span style=\"color: #008000;\">\u00e0 19 heures <\/span><\/strong>dans la cour du <strong><span style=\"color: #008000;\">Palais Fesch, le mus\u00e9e des Beaux-Arts d&rsquo;Ajaccio<\/span><\/strong>. Pour en savoir plus sur ce prix et <a href=\"https:\/\/fr.wikipedia.org\/wiki\/Prix_du_M%C3%A9morial,_grand_prix_litt%C3%A9raire_d%27Ajaccio\" target=\"_blank\" rel=\"noopener\">son jury<\/a>&#8230;(lequel a discern\u00e9 son Prix D\u00e9couverte \u00e0 <strong>Marie-Paule Raffaelli-Pasquini<\/strong> pour<br \/>\n\u00ab\u00a0Napol\u00e9on et J\u00e9sus &#8211; L&rsquo;av\u00e8nement d&rsquo;un messie\u00a0\u00bb, Ed. Cerf)<\/p>\n<p>Le <span style=\"color: #008000;\"><em><strong>Corse-Matin<\/strong> <\/em><\/span>de ce dimanche 18 juillet a pu<a href=\"https:\/\/www.claude-arnaud.com\/fr\/wp-content\/uploads\/2021\/07\/IMG_20210718_125053_494.jpg\"><img loading=\"lazy\" decoding=\"async\" class=\"alignright size-medium wp-image-13403\" src=\"https:\/\/www.claude-arnaud.com\/fr\/wp-content\/uploads\/2021\/07\/IMG_20210718_125053_494-300x300.jpg\" alt=\"Pour le lire...\" width=\"300\" height=\"300\" srcset=\"https:\/\/www.claude-arnaud.com\/fr\/wp-content\/uploads\/2021\/07\/IMG_20210718_125053_494-300x300.jpg 300w, https:\/\/www.claude-arnaud.com\/fr\/wp-content\/uploads\/2021\/07\/IMG_20210718_125053_494-150x150.jpg 150w, https:\/\/www.claude-arnaud.com\/fr\/wp-content\/uploads\/2021\/07\/IMG_20210718_125053_494-768x768.jpg 768w, https:\/\/www.claude-arnaud.com\/fr\/wp-content\/uploads\/2021\/07\/IMG_20210718_125053_494.jpg 908w\" sizes=\"auto, (max-width: 300px) 100vw, 300px\" \/><\/a>bli\u00e9 \u00e0 cette occasion un article consacr\u00e9 au<em><strong> Mal des ruines<\/strong><\/em>. <a href=\"https:\/\/www.claude-arnaud.com\/fr\/wp-content\/uploads\/2021\/07\/2021-07-18-CORSE-MATIN-18-juillet-2021.pdf\">Pour le lire&#8230;<\/a><\/p>\n","protected":false},"excerpt":{"rendered":"<p>En comp\u00e9tition avec les ouvrages de Jean-Marc Graziani, d&rsquo;Andre\u00ef Makine, de Pierre Nora et de Leila Slimani, Le Mal des ruines a re\u00e7u le 42\u00b0 Prix du M\u00e9morial, Grand prix litt\u00e9raire de la ville d&rsquo;Ajaccio pour cette ann\u00e9e 2021. Le prix lui a \u00e9t\u00e9 remis le vendredi 6 ao\u00fbt \u00e0 19 heures dans la cour [&hellip;]<\/p>\n","protected":false},"author":2,"featured_media":0,"comment_status":"open","ping_status":"","sticky":false,"template":"","format":"standard","meta":{"footnotes":""},"categories":[4],"tags":[],"class_list":["post-13399","post","type-post","status-publish","format-standard","hentry","category-articles","count-0","even alt","author-claude-arnaud","last"],"post_mailing_queue_ids":[],"_links":{"self":[{"href":"https:\/\/www.claude-arnaud.com\/fr\/wp-json\/wp\/v2\/posts\/13399","targetHints":{"allow":["GET"]}}],"collection":[{"href":"https:\/\/www.claude-arnaud.com\/fr\/wp-json\/wp\/v2\/posts"}],"about":[{"href":"https:\/\/www.claude-arnaud.com\/fr\/wp-json\/wp\/v2\/types\/post"}],"author":[{"embeddable":true,"href":"https:\/\/www.claude-arnaud.com\/fr\/wp-json\/wp\/v2\/users\/2"}],"replies":[{"embeddable":true,"href":"https:\/\/www.claude-arnaud.com\/fr\/wp-json\/wp\/v2\/comments?post=13399"}],"version-history":[{"count":9,"href":"https:\/\/www.claude-arnaud.com\/fr\/wp-json\/wp\/v2\/posts\/13399\/revisions"}],"predecessor-version":[{"id":13461,"href":"https:\/\/www.claude-arnaud.com\/fr\/wp-json\/wp\/v2\/posts\/13399\/revisions\/13461"}],"wp:attachment":[{"href":"https:\/\/www.claude-arnaud.com\/fr\/wp-json\/wp\/v2\/media?parent=13399"}],"wp:term":[{"taxonomy":"category","embeddable":true,"href":"https:\/\/www.claude-arnaud.com\/fr\/wp-json\/wp\/v2\/categories?post=13399"},{"taxonomy":"post_tag","embeddable":true,"href":"https:\/\/www.claude-arnaud.com\/fr\/wp-json\/wp\/v2\/tags?post=13399"}],"curies":[{"name":"wp","href":"https:\/\/api.w.org\/{rel}","templated":true}]}}