{"id":13379,"date":"2021-07-07T09:40:23","date_gmt":"2021-07-07T08:40:23","guid":{"rendered":"https:\/\/www.claude-arnaud.com\/fr\/?p=13379"},"modified":"2021-08-25T21:53:35","modified_gmt":"2021-08-25T20:53:35","slug":"samedi-10-juillet-sur-la-seine","status":"publish","type":"post","link":"https:\/\/www.claude-arnaud.com\/fr\/archives\/13379","title":{"rendered":"Samedi 10 Juillet, sur la SEINE"},"content":{"rendered":"<p><span style=\"color: #008000;\"><strong>Le samedi 10 Juillet 2021<\/strong><\/span>, <span style=\"color: #008000;\"><strong>CLAUDE ARNAUD<\/strong><\/span> a men\u00e9 une fl\u00e2nerie litt\u00e9raire \u00ab\u00a0au fil de l&rsquo;eau\u00a0\u00bb, sur <strong>une Vedette du<a href=\"https:\/\/www.claude-arnaud.com\/fr\/wp-content\/uploads\/2021\/07\/Claude-Arnaud-klarabudapost-e1626193897230-scaled.jpeg\"><img loading=\"lazy\" decoding=\"async\" class=\"alignright  wp-image-13393\" src=\"https:\/\/www.claude-arnaud.com\/fr\/wp-content\/uploads\/2021\/07\/Claude-Arnaud-klarabudapost-e1626193897230-300x300.jpeg\" alt=\"\" width=\"371\" height=\"371\" srcset=\"https:\/\/www.claude-arnaud.com\/fr\/wp-content\/uploads\/2021\/07\/Claude-Arnaud-klarabudapost-e1626193897230-300x300.jpeg 300w, https:\/\/www.claude-arnaud.com\/fr\/wp-content\/uploads\/2021\/07\/Claude-Arnaud-klarabudapost-e1626193897230-1024x1024.jpeg 1024w, https:\/\/www.claude-arnaud.com\/fr\/wp-content\/uploads\/2021\/07\/Claude-Arnaud-klarabudapost-e1626193897230-150x150.jpeg 150w, https:\/\/www.claude-arnaud.com\/fr\/wp-content\/uploads\/2021\/07\/Claude-Arnaud-klarabudapost-e1626193897230-768x768.jpeg 768w, https:\/\/www.claude-arnaud.com\/fr\/wp-content\/uploads\/2021\/07\/Claude-Arnaud-klarabudapost-e1626193897230-1536x1536.jpeg 1536w, https:\/\/www.claude-arnaud.com\/fr\/wp-content\/uploads\/2021\/07\/Claude-Arnaud-klarabudapost-e1626193897230-2048x2048.jpeg 2048w\" sizes=\"auto, (max-width: 371px) 100vw, 371px\" \/><\/a> Pont-Neuf<\/strong>, <span style=\"color: #008000;\"><strong>du square du Vert-Galant \u00e0 l&rsquo;\u00eele Saint-Louis.<\/strong><\/span> <strong>Il a \u00e9voqu\u00e9 \u00ab\u00a0La SEINE, sa vie, son oeuvre\u00a0\u00bb<\/strong>, <strong><span style=\"color: #008000;\">durant cette remont\u00e9e du fleuve,<\/span><\/strong> dont il parlera comme un personnage, une sorte de divinit\u00e9 douce distribuant <span style=\"color: #008000;\"><strong>ses faveurs tour \u00e0 tour \u00e0 la rive droite et la rive gauche<\/strong><\/span>, autant que <strong>comme une source vitale d&rsquo;approvisionnement en eau<\/strong>, en <span style=\"color: #008000;\"><strong>marchandises<\/strong><\/span>, <strong>en voyageurs<\/strong>.<\/p>\n<p>Pour lire le compte-rendu qu&rsquo;a fait de cette Fl\u00e2nerie Klara BUDA, <a href=\"https:\/\/bit.ly\/3hC0awL\" target=\"_blank\" rel=\"noopener\">romanci\u00e8re et journaliste albanaise<\/a>&#8230;<\/p>\n<p>Pour en savoir plus sur <a href=\"https:\/\/www.vedettesdupontneuf.com\/flaneries-litteraires\/\" target=\"_blank\" rel=\"noopener\">le site des Vedettes du Pont-Neuf&nbsp;<\/a> &nbsp;&nbsp;&nbsp;&nbsp;&nbsp;&nbsp;&nbsp;&nbsp;&nbsp;&nbsp;&nbsp;&nbsp;&nbsp;&nbsp;&nbsp;&nbsp;&nbsp; (ph. K Buda)<\/p>\n<p>ou sur celui de <a href=\"https:\/\/www.librairiedesabbesses.fr\/portfolio\/flaneries-litteraires-au-fil-de-leau\/\" target=\"_blank\" rel=\"noopener\">la Librairie des Abbesses, qu&rsquo;anime Marie-Rose GARNIERI<\/a>&#8230; et <a href=\"https:\/\/www.librairiedesabbesses.fr\/author\/mrlibrairie\/\" target=\"_blank\" rel=\"noopener\">encore.<\/a><\/p>\n\n\n<p><\/p>\n","protected":false},"excerpt":{"rendered":"<p>Le samedi 10 Juillet 2021, CLAUDE ARNAUD a men\u00e9 une fl\u00e2nerie litt\u00e9raire \u00ab\u00a0au fil de l&rsquo;eau\u00a0\u00bb, sur une Vedette du Pont-Neuf, du square du Vert-Galant \u00e0 l&rsquo;\u00eele Saint-Louis. Il a \u00e9voqu\u00e9 \u00ab\u00a0La SEINE, sa vie, son oeuvre\u00a0\u00bb, durant cette remont\u00e9e du fleuve, dont il parlera comme un personnage, une sorte de divinit\u00e9 douce distribuant ses [&hellip;]<\/p>\n","protected":false},"author":2,"featured_media":0,"comment_status":"open","ping_status":"","sticky":false,"template":"","format":"standard","meta":{"footnotes":""},"categories":[6],"tags":[],"class_list":["post-13379","post","type-post","status-publish","format-standard","hentry","category-evenements","count-0","even alt","author-claude-arnaud","last"],"post_mailing_queue_ids":[],"_links":{"self":[{"href":"https:\/\/www.claude-arnaud.com\/fr\/wp-json\/wp\/v2\/posts\/13379","targetHints":{"allow":["GET"]}}],"collection":[{"href":"https:\/\/www.claude-arnaud.com\/fr\/wp-json\/wp\/v2\/posts"}],"about":[{"href":"https:\/\/www.claude-arnaud.com\/fr\/wp-json\/wp\/v2\/types\/post"}],"author":[{"embeddable":true,"href":"https:\/\/www.claude-arnaud.com\/fr\/wp-json\/wp\/v2\/users\/2"}],"replies":[{"embeddable":true,"href":"https:\/\/www.claude-arnaud.com\/fr\/wp-json\/wp\/v2\/comments?post=13379"}],"version-history":[{"count":12,"href":"https:\/\/www.claude-arnaud.com\/fr\/wp-json\/wp\/v2\/posts\/13379\/revisions"}],"predecessor-version":[{"id":13462,"href":"https:\/\/www.claude-arnaud.com\/fr\/wp-json\/wp\/v2\/posts\/13379\/revisions\/13462"}],"wp:attachment":[{"href":"https:\/\/www.claude-arnaud.com\/fr\/wp-json\/wp\/v2\/media?parent=13379"}],"wp:term":[{"taxonomy":"category","embeddable":true,"href":"https:\/\/www.claude-arnaud.com\/fr\/wp-json\/wp\/v2\/categories?post=13379"},{"taxonomy":"post_tag","embeddable":true,"href":"https:\/\/www.claude-arnaud.com\/fr\/wp-json\/wp\/v2\/tags?post=13379"}],"curies":[{"name":"wp","href":"https:\/\/api.w.org\/{rel}","templated":true}]}}