{"id":12286,"date":"2021-02-17T17:17:29","date_gmt":"2021-02-17T16:17:29","guid":{"rendered":"http:\/\/www.claude-arnaud.com\/fr\/?p=12286"},"modified":"2024-11-04T20:08:31","modified_gmt":"2024-11-04T19:08:31","slug":"sur-frequence-protestante-ce-samedi-a-20h","status":"publish","type":"post","link":"https:\/\/www.claude-arnaud.com\/fr\/archives\/12286","title":{"rendered":"Sur Fr\u00e9quence Protestante, ce samedi \u00e0 20h&#8230;"},"content":{"rendered":"<p><strong><img loading=\"lazy\" decoding=\"async\" class=\"alignleft size-full wp-image-12287\" src=\"http:\/\/www.claude-arnaud.com\/fr\/wp-content\/uploads\/2021\/02\/logo-3.png\" alt=\"\" width=\"137\" height=\"110\" \/>Le Samedi <span style=\"color: #008000;\">20 f\u00e9vrier<\/span> 2021<\/strong>, <span style=\"color: #008000;\"><strong>Claude ARNAUD<\/strong><\/span>\u00a0a \u00e9t\u00e9 l&rsquo;invit\u00e9 de <strong>Fr\u00e9d\u00e9rick CASADESUS<\/strong> dans son \u00e9mission \u00ab\u00a0<strong>Une heure avec<\/strong>\u00ab\u00a0&#8230; sur la <strong><span style=\"color: #008000;\">radio Fr\u00e9quence<img loading=\"lazy\" decoding=\"async\" class=\"alignright size-full wp-image-12289\" src=\"http:\/\/www.claude-arnaud.com\/fr\/wp-content\/uploads\/2021\/02\/Une-heure-avec-logo-150x150-1.jpg\" alt=\"\" width=\"150\" height=\"150\" \/> Protestante<\/span><\/strong>. Il a parl\u00e9 du <em><strong><span style=\"color: #008000;\">Mal des ruines<\/span><\/strong><\/em>, r\u00e9cit qu&rsquo;il vient de publier aux \u00e9ditions Grasset. <strong>Pour <\/strong><a href=\"https:\/\/frequenceprotestante.com\/events\/claude-arnaud\/\" target=\"_blank\" rel=\"noopener\"><strong>r\u00e9\u00e9couter<\/strong> <span class=\"removed_link\" title=\"https:\/\/frequenceprotestante.com\/diffusion\/une-heure-avec-du-20-02-2021\/\">cette \u00e9mission<\/span><\/a>&#8230;<\/p>\n<p>\u00ab\u00a0<strong>Qu\u2019est-ce qu\u2019un \u00e9crivain ?<\/strong>, demande <strong>Fr\u00e9d\u00e9rick CASADESUS<\/strong> en pr\u00e9ambule \u00e0 cet entretien. Pas seulement quelqu\u2019un qui \u00e9crit. <span style=\"color: #008000;\"><strong>C\u2019est un explorateur, <span style=\"color: #000000;\">un voyageur<\/span>, un \u00eatre qui parcourt les paysages int\u00e9rieurs de son <span style=\"color: #000000;\">imaginaire<\/span><\/strong><\/span> ou les territoires qui, sur notre bonne vieille plan\u00e8te, inspirent ses divagations de phrases et de mots. <span style=\"color: #008000;\"><strong>Claude ARNAUD<\/strong><\/span> publie<strong><em> Le mal des ruines<\/em><\/strong> ( Grasset, 125 p. 15 \u20ac), r\u00e9cit qui d\u00e9crit le <strong>lien tr\u00e8s fort qui l\u2019attache \u00e0 la Corse<\/strong>, la terre d\u2019une partie de ses anc\u00eatres. Mais plus qu\u2019un livre classique de rem\u00e9moration, <strong><span style=\"color: #008000;\">Claude ARNAUD construit de page en page <span style=\"color: #000000;\">une r\u00e9flexion<\/span> sur la mort et la vie.<\/span><\/strong> <strong>Libre et courageux, d\u00e9gageant <span style=\"color: #008000;\">les lignes de forces de son propre destin<\/span>, l\u2019\u00e9crivain r\u00e9v\u00e8le beaucoup <span style=\"color: #008000;\">de lui-m\u00eame<\/span> au cours de cet entretien.\u00a0\u00bb<\/strong><\/p>\n","protected":false},"excerpt":{"rendered":"<p>Le Samedi 20 f\u00e9vrier 2021, Claude ARNAUD\u00a0a \u00e9t\u00e9 l&rsquo;invit\u00e9 de Fr\u00e9d\u00e9rick CASADESUS dans son \u00e9mission \u00ab\u00a0Une heure avec\u00ab\u00a0&#8230; sur la radio Fr\u00e9quence Protestante. Il a parl\u00e9 du Mal des ruines, r\u00e9cit qu&rsquo;il vient de publier aux \u00e9ditions Grasset. Pour r\u00e9\u00e9couter cette \u00e9mission&#8230; \u00ab\u00a0Qu\u2019est-ce qu\u2019un \u00e9crivain ?, demande Fr\u00e9d\u00e9rick CASADESUS en pr\u00e9ambule \u00e0 cet entretien. Pas [&hellip;]<\/p>\n","protected":false},"author":2,"featured_media":0,"comment_status":"open","ping_status":"open","sticky":false,"template":"","format":"standard","meta":{"footnotes":""},"categories":[4],"tags":[],"class_list":["post-12286","post","type-post","status-publish","format-standard","hentry","category-articles","count-0","even alt","author-claude-arnaud","last"],"post_mailing_queue_ids":[],"_links":{"self":[{"href":"https:\/\/www.claude-arnaud.com\/fr\/wp-json\/wp\/v2\/posts\/12286","targetHints":{"allow":["GET"]}}],"collection":[{"href":"https:\/\/www.claude-arnaud.com\/fr\/wp-json\/wp\/v2\/posts"}],"about":[{"href":"https:\/\/www.claude-arnaud.com\/fr\/wp-json\/wp\/v2\/types\/post"}],"author":[{"embeddable":true,"href":"https:\/\/www.claude-arnaud.com\/fr\/wp-json\/wp\/v2\/users\/2"}],"replies":[{"embeddable":true,"href":"https:\/\/www.claude-arnaud.com\/fr\/wp-json\/wp\/v2\/comments?post=12286"}],"version-history":[{"count":11,"href":"https:\/\/www.claude-arnaud.com\/fr\/wp-json\/wp\/v2\/posts\/12286\/revisions"}],"predecessor-version":[{"id":16356,"href":"https:\/\/www.claude-arnaud.com\/fr\/wp-json\/wp\/v2\/posts\/12286\/revisions\/16356"}],"wp:attachment":[{"href":"https:\/\/www.claude-arnaud.com\/fr\/wp-json\/wp\/v2\/media?parent=12286"}],"wp:term":[{"taxonomy":"category","embeddable":true,"href":"https:\/\/www.claude-arnaud.com\/fr\/wp-json\/wp\/v2\/categories?post=12286"},{"taxonomy":"post_tag","embeddable":true,"href":"https:\/\/www.claude-arnaud.com\/fr\/wp-json\/wp\/v2\/tags?post=12286"}],"curies":[{"name":"wp","href":"https:\/\/api.w.org\/{rel}","templated":true}]}}