{"id":1050,"date":"2010-05-12T12:10:05","date_gmt":"2010-05-12T12:10:05","guid":{"rendered":"http:\/\/www.claude-arnaud.com\/fr\/?p=1050"},"modified":"2010-09-08T12:22:32","modified_gmt":"2010-09-08T12:22:32","slug":"combien-de-carver","status":"publish","type":"post","link":"https:\/\/www.claude-arnaud.com\/fr\/archives\/1050","title":{"rendered":"COMBIEN DE CARVER?"},"content":{"rendered":"<p><strong><a href=\"http:\/\/www.claude-arnaud.com\/fr\/wp-content\/uploads\/2010\/05\/rw506h380.jpg\"><img loading=\"lazy\" decoding=\"async\" class=\"alignleft size-thumbnail wp-image-1106\" title=\"rw506h380\" src=\"http:\/\/www.claude-arnaud.com\/fr\/wp-content\/uploads\/2010\/05\/rw506h380-150x150.jpg\" alt=\"\" width=\"117\" height=\"117\" srcset=\"https:\/\/www.claude-arnaud.com\/fr\/wp-content\/uploads\/2010\/05\/rw506h380-150x150.jpg 150w, https:\/\/www.claude-arnaud.com\/fr\/wp-content\/uploads\/2010\/05\/rw506h380-300x298.jpg 300w, https:\/\/www.claude-arnaud.com\/fr\/wp-content\/uploads\/2010\/05\/rw506h380-64x64.jpg 64w, https:\/\/www.claude-arnaud.com\/fr\/wp-content\/uploads\/2010\/05\/rw506h380.jpg 382w\" sizes=\"auto, (max-width: 117px) 100vw, 117px\" \/><\/a>LE POINT, <\/strong> dans son \u00e9dition du 3 septembre 2010, a publi\u00e9 un article de <span style=\"color: #008000;\"><strong>CLAUDE ARNAUD<\/strong><\/span> sur la publication, aux \u00e9ditions de <strong>l&rsquo;OLIVIER<\/strong>, d&rsquo;un recueil in\u00e9dit de nouvelle de <strong>RAYMOND CARVER<\/strong>, et la r\u00e9\u00e9dition de la version r\u00e9\u00e9crite qu&rsquo;en donna leur premier \u00e9diteur <span style=\"color: #008000;\"><strong>GORDON LISH<\/strong><\/span>, apr\u00e8s une profonde r\u00e9\u00e9criture et une vraie mutilation.<a href=\"http:\/\/www.lepoint.fr\/livres\/un-carver-peut-en-cacher-un-autre-02-09-2010-1231634_37.php\" target=\"_blank\"> Pour lire cet article&#8230;<\/a><\/p>\n","protected":false},"excerpt":{"rendered":"<p>LE POINT, dans son \u00e9dition du 3 septembre 2010, a publi\u00e9 un article de CLAUDE ARNAUD sur la publication, aux \u00e9ditions de l&rsquo;OLIVIER, d&rsquo;un recueil in\u00e9dit de nouvelle de RAYMOND CARVER, et la r\u00e9\u00e9dition de la version r\u00e9\u00e9crite qu&rsquo;en donna leur premier \u00e9diteur GORDON LISH, apr\u00e8s une profonde r\u00e9\u00e9criture et une vraie mutilation. Pour lire [&hellip;]<\/p>\n","protected":false},"author":2,"featured_media":0,"comment_status":"open","ping_status":"open","sticky":false,"template":"","format":"standard","meta":{"footnotes":""},"categories":[4],"tags":[],"class_list":["post-1050","post","type-post","status-publish","format-standard","hentry","category-articles","count-0","even alt","author-claude-arnaud","last"],"post_mailing_queue_ids":[],"_links":{"self":[{"href":"https:\/\/www.claude-arnaud.com\/fr\/wp-json\/wp\/v2\/posts\/1050","targetHints":{"allow":["GET"]}}],"collection":[{"href":"https:\/\/www.claude-arnaud.com\/fr\/wp-json\/wp\/v2\/posts"}],"about":[{"href":"https:\/\/www.claude-arnaud.com\/fr\/wp-json\/wp\/v2\/types\/post"}],"author":[{"embeddable":true,"href":"https:\/\/www.claude-arnaud.com\/fr\/wp-json\/wp\/v2\/users\/2"}],"replies":[{"embeddable":true,"href":"https:\/\/www.claude-arnaud.com\/fr\/wp-json\/wp\/v2\/comments?post=1050"}],"version-history":[{"count":4,"href":"https:\/\/www.claude-arnaud.com\/fr\/wp-json\/wp\/v2\/posts\/1050\/revisions"}],"predecessor-version":[{"id":1105,"href":"https:\/\/www.claude-arnaud.com\/fr\/wp-json\/wp\/v2\/posts\/1050\/revisions\/1105"}],"wp:attachment":[{"href":"https:\/\/www.claude-arnaud.com\/fr\/wp-json\/wp\/v2\/media?parent=1050"}],"wp:term":[{"taxonomy":"category","embeddable":true,"href":"https:\/\/www.claude-arnaud.com\/fr\/wp-json\/wp\/v2\/categories?post=1050"},{"taxonomy":"post_tag","embeddable":true,"href":"https:\/\/www.claude-arnaud.com\/fr\/wp-json\/wp\/v2\/tags?post=1050"}],"curies":[{"name":"wp","href":"https:\/\/api.w.org\/{rel}","templated":true}]}}