{"id":10335,"date":"2020-05-01T09:52:00","date_gmt":"2020-05-01T09:52:00","guid":{"rendered":"http:\/\/www.claude-arnaud.com\/fr\/?p=10335"},"modified":"2020-05-02T11:07:44","modified_gmt":"2020-05-02T11:07:44","slug":"claude-nabokoff-nest-plus","status":"publish","type":"post","link":"https:\/\/www.claude-arnaud.com\/fr\/archives\/10335","title":{"rendered":"Claude NABOKOFF n&rsquo;est plus&#8230;"},"content":{"rendered":"<p><span style=\"color: #008000;\"><strong>CLAUDE NABOKOFF<\/strong><\/span> n&rsquo;ouvrira plus ses portes aux innombrables amis &#8211; <strong>\u00e9crivains, <span style=\"color: #008000;\">\u00e9diteurs<\/span>, traducteurs, <span style=\"color: #008000;\">essayistes<\/span>, m\u00e9morialistes, <span style=\"color: #008000;\">critiques<\/span> <span style=\"color: #008000;\">d&rsquo;art<\/span>, conservateurs<\/strong>\u00a0&#8211; qui\u00a0eurent\u00a0<strong>pendant 40 ans<\/strong>\u00a0le privil\u00e8ge d&rsquo;\u00eatre re\u00e7us, <span style=\"color: #008000;\"><strong>dans sa maison familiale de la <span style=\"color: #003300;\">place<\/span> DAUPHINE<\/strong><\/span>, par elle et par <strong>IVAN<\/strong> son mari, <span style=\"color: #008000;\"><strong>magnifique \u00e9diteur<\/strong><\/span> en charge pendant trente ans de la collection \u00ab\u00a0<strong>Feux Crois\u00e9s<\/strong>\u00a0\u00bb chez Plon.\u00a0\u00a0D\u00e9c\u00e9d\u00e9e le <span style=\"color: #008000;\"><strong>22 avril 2020,<\/strong><\/span> dans sa 91e ann\u00e9e,\u00a0<strong>Claude NABOKOFF<\/strong> \u00e9tait la fille de <strong><span style=\"color: #008000;\">Louis JOXE<\/span><\/strong>, ministre du g\u00e9n\u00e9ral <strong>de GAULLE<\/strong> et principal n\u00e9gociateur des <span style=\"color: #008000;\"><strong>accords d&rsquo;EVIAN<\/strong><\/span> qui accompagn\u00e8rent l&rsquo;ind\u00e9pendance de <span style=\"color: #003300;\"><strong>L&rsquo;ALGERIE<\/strong><\/span>. Elle \u00e9tait aussi, par sa m\u00e8re, la petite-fille de <strong><span style=\"color: #008000;\">Daniel<\/span> HALEVY<\/strong>, l&rsquo;ami de <strong><span style=\"color: #008000;\">PROUST<\/span><\/strong>, le biographe de <strong>NIETZSCHE<\/strong> et l&rsquo;\u00e9diteur des <strong><span style=\"color: #008000;\">CAHIERS VERTS<\/span><\/strong>, chez Grasset, qui re\u00e7ut dans ce m\u00eame salon <strong>MALAPARTE<\/strong>, <strong><span style=\"color: #008000;\">MALRAUX<\/span><\/strong> et tant d&rsquo;\u00e9crivains majeurs du XX\u00b0si\u00e8cle.<strong>\u00a0On pouvait croiser <span style=\"color: #008000;\">chez eux<\/span>, avec autant de simplicit\u00e9 et de\u00a0naturel que si l&rsquo;on \u00e9tait \u00ab\u00a0\u00e0 la maison\u00a0\u00bb, \u00a0<span style=\"color: #008000;\">Salman RUSHDIE,\u00a0<\/span>Toni MORRISON<\/strong>, <strong><span style=\"color: #008000;\">Donna TARTT, <\/span><span style=\"color: #333300;\"><span style=\"color: #003300;\">Edmund WHITE<\/span>,<\/span><span style=\"color: #333300;\">\u00a0<\/span><span style=\"color: #008000;\">J<\/span><span><span style=\"color: #008000;\">ames LORD, <\/span><span style=\"color: #003300;\">tous publi\u00e9s<\/span><strong style=\"color: #008000;\"><span style=\"color: #003300;\">\u00a0par \u00ab\u00a0Feux crois\u00e9es\u00a0\u00bb,\u00a0<\/span>mais aussi les \u00e9diteurs\u00a0<span style=\"color: #003300;\">Christian<\/span> et Dominique BOURGOIS,\u00a0<span style=\"color: #003300;\">Georges LIEBERT<\/span> et\u00a0Fran\u00e7oise CACHIN, la directrice du <span style=\"color: #003300;\">mus\u00e9e\u00a0d&rsquo;Orsay<\/span>, ainsi qu&rsquo;Anne de LACRETELLE, <span style=\"color: #003300;\">la fondatrice du Prix SEVIGNE<\/span> et\u00a0Bernard MINORET, l&rsquo;auteur des \u00ab\u00a0<span style=\"color: #003300;\">Morot-Chandonneur<\/span>\u00a0\u00bb\u00a0(Cahiers rouges, Grasset). <span style=\"color: #003300;\">El\u00e9gante,<\/span>\u00a0curieuse,\u00a0<\/strong><strong><span style=\"color: #003300;\">hospitali\u00e8re<\/span><span style=\"color: #008000;\">,\u00a0Claude NABOKOFF\u00a0\u00e9tait <\/span><span style=\"color: #003300;\">la civilisation m\u00eame<\/span><span style=\"color: #008000;\">, aussi accueillante pour <span style=\"color: #003300;\">l&rsquo;\u00e9tudiante japonaise<\/span> venue\u00a0<strong><strong>faire des recherches \u00e0 <span style=\"color: #003300;\">Paris<\/span> que pour le dernier\u00a0<span style=\"color: #003300;\">Prix\u00a0Nobel<\/span> de litt\u00e9rature \u00e9dit\u00e9 par<span style=\"color: #003300;\"> Ivan<\/span>, lui-m\u00eame fils du\u00a0<strong><strong>musicien<\/strong><\/strong><strong>\u00a0<span style=\"color: #003300;\">Nicolas NABOKOFF<\/span><\/strong>\u00a0et neveu de <span style=\"color: #003300;\">Vladimir<\/span>, l&rsquo;auteur de \u00ab\u00a0Lolita\u00a0\u00bb&#8230; <\/strong><\/strong><\/span><\/strong><\/span><\/strong><\/p>\n<p><strong><span><strong><span style=\"color: #008000;\"><strong><strong>Qui fera le\u00a0pont\u00a0entre <span style=\"color: #003300;\">Paris et New-York d\u00e9sormais<\/span>? \u00a0<\/strong><\/strong><\/span><\/strong><\/span><\/strong><\/p>\n<p>&nbsp;<\/p>\n<p>&nbsp;<\/p>\n","protected":false},"excerpt":{"rendered":"<p>CLAUDE NABOKOFF n&rsquo;ouvrira plus ses portes aux innombrables amis &#8211; \u00e9crivains, \u00e9diteurs, traducteurs, essayistes, m\u00e9morialistes, critiques d&rsquo;art, conservateurs\u00a0&#8211; qui\u00a0eurent\u00a0pendant 40 ans\u00a0le privil\u00e8ge d&rsquo;\u00eatre re\u00e7us, dans sa maison familiale de la place DAUPHINE, par elle et par IVAN son mari, magnifique \u00e9diteur en charge pendant trente ans de la collection \u00ab\u00a0Feux Crois\u00e9s\u00a0\u00bb chez Plon.\u00a0\u00a0D\u00e9c\u00e9d\u00e9e le 22 [&hellip;]<\/p>\n","protected":false},"author":2,"featured_media":0,"comment_status":"open","ping_status":"open","sticky":false,"template":"","format":"standard","meta":{"footnotes":""},"categories":[6],"tags":[],"class_list":["post-10335","post","type-post","status-publish","format-standard","hentry","category-evenements","count-0","even alt","author-claude-arnaud","last"],"post_mailing_queue_ids":[],"_links":{"self":[{"href":"https:\/\/www.claude-arnaud.com\/fr\/wp-json\/wp\/v2\/posts\/10335","targetHints":{"allow":["GET"]}}],"collection":[{"href":"https:\/\/www.claude-arnaud.com\/fr\/wp-json\/wp\/v2\/posts"}],"about":[{"href":"https:\/\/www.claude-arnaud.com\/fr\/wp-json\/wp\/v2\/types\/post"}],"author":[{"embeddable":true,"href":"https:\/\/www.claude-arnaud.com\/fr\/wp-json\/wp\/v2\/users\/2"}],"replies":[{"embeddable":true,"href":"https:\/\/www.claude-arnaud.com\/fr\/wp-json\/wp\/v2\/comments?post=10335"}],"version-history":[{"count":6,"href":"https:\/\/www.claude-arnaud.com\/fr\/wp-json\/wp\/v2\/posts\/10335\/revisions"}],"predecessor-version":[{"id":10337,"href":"https:\/\/www.claude-arnaud.com\/fr\/wp-json\/wp\/v2\/posts\/10335\/revisions\/10337"}],"wp:attachment":[{"href":"https:\/\/www.claude-arnaud.com\/fr\/wp-json\/wp\/v2\/media?parent=10335"}],"wp:term":[{"taxonomy":"category","embeddable":true,"href":"https:\/\/www.claude-arnaud.com\/fr\/wp-json\/wp\/v2\/categories?post=10335"},{"taxonomy":"post_tag","embeddable":true,"href":"https:\/\/www.claude-arnaud.com\/fr\/wp-json\/wp\/v2\/tags?post=10335"}],"curies":[{"name":"wp","href":"https:\/\/api.w.org\/{rel}","templated":true}]}}