{"id":10250,"date":"2019-09-26T15:28:24","date_gmt":"2019-09-26T15:28:24","guid":{"rendered":"http:\/\/www.claude-arnaud.com\/fr\/?p=10250"},"modified":"2021-03-03T17:29:32","modified_gmt":"2021-03-03T16:29:32","slug":"kaouther-adimi-et-les-generaux-dalgerie","status":"publish","type":"post","link":"https:\/\/www.claude-arnaud.com\/fr\/archives\/10250","title":{"rendered":"Kaouther ADIMI et les g\u00e9n\u00e9raux d&rsquo;Alg\u00e9rie"},"content":{"rendered":"<p><a href=\"http:\/\/www.claude-arnaud.com\/fr\/wp-content\/uploads\/2018\/09\/largeportrait_8c470694.jpg\"><img loading=\"lazy\" decoding=\"async\" class=\"alignleft size-full wp-image-9356\" title=\"largeportrait_8c470694\" src=\"http:\/\/www.claude-arnaud.com\/fr\/wp-content\/uploads\/2018\/09\/largeportrait_8c470694.jpg\" alt=\"\" width=\"150\" height=\"150\" srcset=\"https:\/\/www.claude-arnaud.com\/fr\/wp-content\/uploads\/2018\/09\/largeportrait_8c470694.jpg 150w, https:\/\/www.claude-arnaud.com\/fr\/wp-content\/uploads\/2018\/09\/largeportrait_8c470694-48x48.jpg 48w\" sizes=\"auto, (max-width: 150px) 100vw, 150px\" \/><\/a><strong>Le 16 septembre 2019, LE POINT<\/strong> a publi\u00e9 un article de <span style=\"color: #008000;\"><strong>Claude ARNAUD<\/strong> <\/span>consacr\u00e9 au<a href=\"http:\/\/www.claude-arnaud.com\/fr\/wp-content\/uploads\/2019\/12\/19306067lpw-19309207-libre-jpg_6492326.jpg\"><img loading=\"lazy\" decoding=\"async\" class=\"alignright  wp-image-10252\" title=\"19306067lpw-19309207-libre-jpg_6492326\" src=\"http:\/\/www.claude-arnaud.com\/fr\/wp-content\/uploads\/2019\/12\/19306067lpw-19309207-libre-jpg_6492326-300x210.jpg\" alt=\"\" width=\"180\" height=\"126\" srcset=\"https:\/\/www.claude-arnaud.com\/fr\/wp-content\/uploads\/2019\/12\/19306067lpw-19309207-libre-jpg_6492326-300x210.jpg 300w, https:\/\/www.claude-arnaud.com\/fr\/wp-content\/uploads\/2019\/12\/19306067lpw-19309207-libre-jpg_6492326.jpg 1000w\" sizes=\"auto, (max-width: 180px) 100vw, 180px\" \/><\/a> roman de <strong>Kaouther ADIMI<\/strong> publi\u00e9 aux \u00e9ditions du Seuil, <em>Les petits de d\u00e9cembre<\/em>. <strong>Le livre \u00e9voque avec beaucoup finesse et de tact<\/strong> le fonctionnement \u00a0paternaliste et mafieux de la haute hi\u00e9rarchie militaire alg\u00e9rienne, qui<span style=\"color: #008000;\"><strong> monopolise l&rsquo;essentiel des rouages de la vie politique et \u00e9conomique du pays depuis l&rsquo;Ind\u00e9pendance<\/strong><\/span>. Pour d\u00e9couvrir <a href=\"http:\/\/www.claude-arnaud.com\/fr\/wp-content\/uploads\/2019\/09\/Adimi.pdf\">cet article in-extenso<\/a>&#8230;<\/p>\n","protected":false},"excerpt":{"rendered":"<p>Le 16 septembre 2019, LE POINT a publi\u00e9 un article de Claude ARNAUD consacr\u00e9 au roman de Kaouther ADIMI publi\u00e9 aux \u00e9ditions du Seuil, Les petits de d\u00e9cembre. Le livre \u00e9voque avec beaucoup finesse et de tact le fonctionnement \u00a0paternaliste et mafieux de la haute hi\u00e9rarchie militaire alg\u00e9rienne, qui monopolise l&rsquo;essentiel des rouages de la [&hellip;]<\/p>\n","protected":false},"author":2,"featured_media":0,"comment_status":"open","ping_status":"open","sticky":false,"template":"","format":"standard","meta":{"footnotes":""},"categories":[4],"tags":[],"class_list":["post-10250","post","type-post","status-publish","format-standard","hentry","category-articles","count-0","even alt","author-claude-arnaud","last"],"post_mailing_queue_ids":[],"_links":{"self":[{"href":"https:\/\/www.claude-arnaud.com\/fr\/wp-json\/wp\/v2\/posts\/10250","targetHints":{"allow":["GET"]}}],"collection":[{"href":"https:\/\/www.claude-arnaud.com\/fr\/wp-json\/wp\/v2\/posts"}],"about":[{"href":"https:\/\/www.claude-arnaud.com\/fr\/wp-json\/wp\/v2\/types\/post"}],"author":[{"embeddable":true,"href":"https:\/\/www.claude-arnaud.com\/fr\/wp-json\/wp\/v2\/users\/2"}],"replies":[{"embeddable":true,"href":"https:\/\/www.claude-arnaud.com\/fr\/wp-json\/wp\/v2\/comments?post=10250"}],"version-history":[{"count":3,"href":"https:\/\/www.claude-arnaud.com\/fr\/wp-json\/wp\/v2\/posts\/10250\/revisions"}],"predecessor-version":[{"id":12879,"href":"https:\/\/www.claude-arnaud.com\/fr\/wp-json\/wp\/v2\/posts\/10250\/revisions\/12879"}],"wp:attachment":[{"href":"https:\/\/www.claude-arnaud.com\/fr\/wp-json\/wp\/v2\/media?parent=10250"}],"wp:term":[{"taxonomy":"category","embeddable":true,"href":"https:\/\/www.claude-arnaud.com\/fr\/wp-json\/wp\/v2\/categories?post=10250"},{"taxonomy":"post_tag","embeddable":true,"href":"https:\/\/www.claude-arnaud.com\/fr\/wp-json\/wp\/v2\/tags?post=10250"}],"curies":[{"name":"wp","href":"https:\/\/api.w.org\/{rel}","templated":true}]}}