{"id":10003,"date":"2019-09-20T07:15:41","date_gmt":"2019-09-20T07:15:41","guid":{"rendered":"http:\/\/www.claude-arnaud.com\/fr\/?p=10003"},"modified":"2021-01-28T12:38:40","modified_gmt":"2021-01-28T11:38:40","slug":"avec-lexposition-cinematisse-a-nice","status":"publish","type":"post","link":"https:\/\/www.claude-arnaud.com\/fr\/archives\/10003","title":{"rendered":"Avec l&rsquo;exposition CINEMATISSE \u00e0 Nice"},"content":{"rendered":"<p style=\"text-align: justify;\"><strong><a href=\"http:\/\/www.claude-arnaud.com\/fr\/wp-content\/uploads\/2019\/09\/Cinematisse.jpg\"><img loading=\"lazy\" decoding=\"async\" class=\"alignleft  wp-image-10007\" title=\"Cinematisse\" src=\"http:\/\/www.claude-arnaud.com\/fr\/wp-content\/uploads\/2019\/09\/Cinematisse-231x300.jpg\" alt=\"\" width=\"185\" height=\"240\" srcset=\"https:\/\/www.claude-arnaud.com\/fr\/wp-content\/uploads\/2019\/09\/Cinematisse-231x300.jpg 231w, https:\/\/www.claude-arnaud.com\/fr\/wp-content\/uploads\/2019\/09\/Cinematisse.jpg 487w\" sizes=\"auto, (max-width: 185px) 100vw, 185px\" \/><\/a>Le jeudi 19 septembre<\/strong> a \u00e9t\u00e9 inaugur\u00e9e, au mus\u00e9e Matisse des Ar\u00e8nes de Cimiez, \u00e0 NICE, <span style=\"color: #008000;\"><strong>l&rsquo;exposition CINEMATISSE<\/strong><\/span>, qui fait plus que sugg\u00e9rer, prouve la pr\u00e9sence dans l&rsquo;oeuvre du peintre nordique d&rsquo;un d\u00e9sir, d&rsquo;une compr\u00e9hension et d&rsquo;une intelligence du 7\u00b0 art. Pour saluer le remarquable travail effectu\u00e9 par les deux commissaires, <strong>Claudine GRAMMONT,<\/strong> directrice du Mus\u00e9e, et <strong><span style=\"color: #008000;\">Dominique PA\u00cfNI,<\/span> <\/strong>ancien directeur de la Cin\u00e9math\u00e8que fran\u00e7aise et de du d\u00e9veloppement culturel au Centre Pompidou, <strong>Claude ARNAUD<\/strong>\u00a0a contribu\u00e9 au catalogue de l&rsquo;exposition avec un texte intitul\u00e9: \u00ab\u00a0Couleur, mouvement, r\u00eave\u00a0\u00bb. Pour en savoir plus sur cette exposition et la <a title=\"in-fine\" href=\"https:\/\/infine-editions.fr\/wp-content\/uploads\/2019\/06\/dp-cinematisse.pdf\" target=\"_blank\" rel=\"noopener\">programmation qui l&rsquo;entourait<\/a>&#8230;<\/p>\n<p style=\"text-align: center;\">Et sur le catalogue, publi\u00e9 par <a title=\"Fnac\" href=\"https:\/\/www.fr.fnac.ch\/a13693941\/GRAMMONT-CLAUDINE-PAINI-DOMINIQUE-Cinematisse?Origin=fnac_google\" target=\"_blank\" rel=\"noopener\">les Editions IN FINE<\/a>&#8230;<a href=\"http:\/\/www.claude-arnaud.com\/fr\/wp-content\/uploads\/2019\/09\/FacadeMuseeMatisse.jpg\"><img loading=\"lazy\" decoding=\"async\" class=\"aligncenter  wp-image-10008\" title=\"FacadeMuseeMatisse\" src=\"http:\/\/www.claude-arnaud.com\/fr\/wp-content\/uploads\/2019\/09\/FacadeMuseeMatisse-300x222.jpg\" alt=\"\" width=\"240\" height=\"178\" srcset=\"https:\/\/www.claude-arnaud.com\/fr\/wp-content\/uploads\/2019\/09\/FacadeMuseeMatisse-300x222.jpg 300w, https:\/\/www.claude-arnaud.com\/fr\/wp-content\/uploads\/2019\/09\/FacadeMuseeMatisse.jpg 558w\" sizes=\"auto, (max-width: 240px) 100vw, 240px\" \/><\/a><\/p>\n","protected":false},"excerpt":{"rendered":"<p>Le jeudi 19 septembre a \u00e9t\u00e9 inaugur\u00e9e, au mus\u00e9e Matisse des Ar\u00e8nes de Cimiez, \u00e0 NICE, l&rsquo;exposition CINEMATISSE, qui fait plus que sugg\u00e9rer, prouve la pr\u00e9sence dans l&rsquo;oeuvre du peintre nordique d&rsquo;un d\u00e9sir, d&rsquo;une compr\u00e9hension et d&rsquo;une intelligence du 7\u00b0 art. Pour saluer le remarquable travail effectu\u00e9 par les deux commissaires, Claudine GRAMMONT, directrice du [&hellip;]<\/p>\n","protected":false},"author":2,"featured_media":0,"comment_status":"open","ping_status":"open","sticky":false,"template":"","format":"standard","meta":{"footnotes":""},"categories":[6],"tags":[],"class_list":["post-10003","post","type-post","status-publish","format-standard","hentry","category-evenements","count-0","even alt","author-claude-arnaud","last"],"post_mailing_queue_ids":[],"_links":{"self":[{"href":"https:\/\/www.claude-arnaud.com\/fr\/wp-json\/wp\/v2\/posts\/10003","targetHints":{"allow":["GET"]}}],"collection":[{"href":"https:\/\/www.claude-arnaud.com\/fr\/wp-json\/wp\/v2\/posts"}],"about":[{"href":"https:\/\/www.claude-arnaud.com\/fr\/wp-json\/wp\/v2\/types\/post"}],"author":[{"embeddable":true,"href":"https:\/\/www.claude-arnaud.com\/fr\/wp-json\/wp\/v2\/users\/2"}],"replies":[{"embeddable":true,"href":"https:\/\/www.claude-arnaud.com\/fr\/wp-json\/wp\/v2\/comments?post=10003"}],"version-history":[{"count":10,"href":"https:\/\/www.claude-arnaud.com\/fr\/wp-json\/wp\/v2\/posts\/10003\/revisions"}],"predecessor-version":[{"id":11528,"href":"https:\/\/www.claude-arnaud.com\/fr\/wp-json\/wp\/v2\/posts\/10003\/revisions\/11528"}],"wp:attachment":[{"href":"https:\/\/www.claude-arnaud.com\/fr\/wp-json\/wp\/v2\/media?parent=10003"}],"wp:term":[{"taxonomy":"category","embeddable":true,"href":"https:\/\/www.claude-arnaud.com\/fr\/wp-json\/wp\/v2\/categories?post=10003"},{"taxonomy":"post_tag","embeddable":true,"href":"https:\/\/www.claude-arnaud.com\/fr\/wp-json\/wp\/v2\/tags?post=10003"}],"curies":[{"name":"wp","href":"https:\/\/api.w.org\/{rel}","templated":true}]}}